{"id":2055,"date":"2015-01-26T06:58:12","date_gmt":"2015-01-26T06:58:12","guid":{"rendered":"https:\/\/codexflores.ch\/index.php\/2015\/01\/26\/cantars-widmet-sich-der-kirchenmusik\/"},"modified":"2015-01-26T06:58:12","modified_gmt":"2015-01-26T06:58:12","slug":"cantars-widmet-sich-der-kirchenmusik","status":"publish","type":"post","link":"https:\/\/codexflores.ch\/index.php\/2015\/01\/26\/cantars-widmet-sich-der-kirchenmusik\/","title":{"rendered":"\u00abcantars\u00bb widmet sich der Kirchenmusik"},"content":{"rendered":"<p><span style=\"font-family: arial,helvetica,sans-serif; font-size: small;\">26.01.2015 &#8212; Ab 14. M\u00e4rz steht mit einer Auftaktveranstaltung in Basel des Festivals \u00abcantars\u00bb in der ganzen Deutschschweiz die Kirchenmusik im Fokus. Geplant sind rund 440 Einzelveranstaltungen an weiteren 35 Veranstaltungsorten.<\/span><\/p>\n<p><span style=\"font-family: arial,helvetica,sans-serif; font-size: small;\"><strong>26.01.2015 &#8212; Ab 14. M\u00e4rz steht mit einer Auftaktveranstaltung in Basel des Festivals \u00abcantars\u00bb in der ganzen Deutschschweiz die Kirchenmusik im Fokus. Geplant sind rund 440 Einzelveranstaltungen an weiteren 35 Veranstaltungsorten.<\/strong><\/span><\/p>\n<p><span style=\"font-family: arial,helvetica,sans-serif; font-size: small;\">\u00a0<\/span><\/p>\n<p><span style=\"font-family: arial,helvetica,sans-serif; font-size: small;\">Mitwirkende sind rund 12\u2018000 Beteiligten in Vokalensembles, Kirchen- und Konzertch\u00f6ren, Instrumentalensembles, Kinder- und Gospelch\u00f6re sowie Slam-Poeten und Kunst- und Kulturschaffende.\u00a0Erwartet werden an allen Anl\u00e4ssen gegen 100\u2018000 Besucherinnen und Besucher. <\/span><\/p>\n<p>\u00a0<\/p>\n<p><span style=\"font-family: arial,helvetica,sans-serif; font-size: small;\">Die Veranstaltungsorte von \u00abcantars 2015\u00bb sind Baden, Bern, Biel\/Bienne, Brugg, Einsiedeln, Gampel-Steg, Langenthal, Luzern, Muri (AG), Olten, Rapperswil-Jona, Schaffhausen, Schwyz, Solothurn, St. Gallen, Tafers, Uster, Val M\u00fcstair, Visp, Weinfelden, Wil, Winterthur und Z\u00fcrich. Die Schlussveranstaltung des Kirchenklangfests 2015 findet am 7. Juni 2015 im OLMA-Gel\u00e4nde in St. Gallen statt. <em>(cf)<\/em><\/span><\/p>\n<p><span style=\"font-family: arial,helvetica,sans-serif; font-size: small;\"><em>\u00a0<\/em><\/span><\/p>\n<p><span style=\"font-family: arial,helvetica,sans-serif; font-size: small;\"><strong>Mehr Infos:<\/strong>\u00a0 <a href=\"http:\/\/www.cantars.org\">www.cantars.org<\/a><em><br \/><\/em><\/span><\/p>\n<p>\u00a0<\/p>\n","protected":false},"excerpt":{"rendered":"<p><span style=\"font-family: arial,helvetica,sans-serif; font-size: small;\">26.01.2015 &#8212; Ab 14. M\u00e4rz steht mit einer Auftaktveranstaltung in Basel des Festivals \u00abcantars\u00bb in der ganzen Deutschschweiz die Kirchenmusik im Fokus. Geplant sind rund 440 Einzelveranstaltungen an weiteren 35 Veranstaltungsorten.<\/span><\/p>\n","protected":false},"author":1,"featured_media":0,"comment_status":"open","ping_status":"open","sticky":false,"template":"","format":"standard","meta":{"footnotes":""},"categories":[2],"tags":[],"class_list":["post-2055","post","type-post","status-publish","format-standard","hentry","category-nachrichten","entry"],"_links":{"self":[{"href":"https:\/\/codexflores.ch\/index.php\/wp-json\/wp\/v2\/posts\/2055","targetHints":{"allow":["GET"]}}],"collection":[{"href":"https:\/\/codexflores.ch\/index.php\/wp-json\/wp\/v2\/posts"}],"about":[{"href":"https:\/\/codexflores.ch\/index.php\/wp-json\/wp\/v2\/types\/post"}],"author":[{"embeddable":true,"href":"https:\/\/codexflores.ch\/index.php\/wp-json\/wp\/v2\/users\/1"}],"replies":[{"embeddable":true,"href":"https:\/\/codexflores.ch\/index.php\/wp-json\/wp\/v2\/comments?post=2055"}],"version-history":[{"count":0,"href":"https:\/\/codexflores.ch\/index.php\/wp-json\/wp\/v2\/posts\/2055\/revisions"}],"wp:attachment":[{"href":"https:\/\/codexflores.ch\/index.php\/wp-json\/wp\/v2\/media?parent=2055"}],"wp:term":[{"taxonomy":"category","embeddable":true,"href":"https:\/\/codexflores.ch\/index.php\/wp-json\/wp\/v2\/categories?post=2055"},{"taxonomy":"post_tag","embeddable":true,"href":"https:\/\/codexflores.ch\/index.php\/wp-json\/wp\/v2\/tags?post=2055"}],"curies":[{"name":"wp","href":"https:\/\/api.w.org\/{rel}","templated":true}]}}