{"id":2058,"date":"2015-01-28T06:54:13","date_gmt":"2015-01-28T06:54:13","guid":{"rendered":"https:\/\/codexflores.ch\/index.php\/2015\/01\/28\/arosa-kultur-gestaltet-den-kultursommer-um\/"},"modified":"2015-01-28T06:54:13","modified_gmt":"2015-01-28T06:54:13","slug":"arosa-kultur-gestaltet-den-kultursommer-um","status":"publish","type":"post","link":"https:\/\/codexflores.ch\/index.php\/2015\/01\/28\/arosa-kultur-gestaltet-den-kultursommer-um\/","title":{"rendered":"Arosa Kultur gestaltet den Kultursommer um"},"content":{"rendered":"<p><span style=\"font-family: arial,helvetica,sans-serif; font-size: small;\">28.01.2015 &#8212; Arosa Kultur will den \u00abKultursommer Arosa\u00bb ausbauen. Die Mittel dazu sollen dank dem Verzicht auf die\u00a0 Eigenproduktion einer Oper auf der Waldb\u00fchne freigemacht werden.<\/span><\/p>\n<p><span style=\"font-family: arial,helvetica,sans-serif; font-size: small;\"><strong>28.01.2015 &#8212; Arosa Kultur will den \u00abKultursommer Arosa\u00bb ausbauen. Die Mittel dazu sollen dank dem Verzicht auf die\u00a0 Eigenproduktion einer Oper auf der Waldb\u00fchne freigemacht werden.<\/strong><\/span><\/p>\n<p><span style=\"font-family: arial,helvetica,sans-serif; font-size: small;\">\u00a0<\/span><\/p>\n<p><span style=\"font-family: arial,helvetica,sans-serif; font-size: small;\">Bislang belebten Abschlusskonzerte der Musik-Kurswochen, Vortr\u00e4gen im Heimatmuseum, Bergkirchli-Konzerte, Kinderanl\u00e4sse, Chorkonzerte und die Vorstellungen des Arosa Musik Theaters das Dorf w\u00e4hrend den Sommermonaten. Dieses Angebot erweitert Arosa Kultur mit zus\u00e4tzlichen Veranstaltungen von Ende Juni bis September. <\/span><\/p>\n<p>\u00a0<\/p>\n<p><span style=\"font-family: arial,helvetica,sans-serif; font-size: small;\">Dabei st\u00fcnden nicht nur klassische Konzerte im Vordergrund, schreibt Arosa Kultur, vielmehr solle ein m\u00f6glichst breites Angebot an kulturellen Veranstaltungen pr\u00e4sentiert werden wie Volksmusik, popul\u00e4re Musik, Lesungen, kleine Theaterproduktionen oder Ausstellungen. Zusammengearbeitet werde dabei wenn immer m\u00f6glich mit lokalen Partnern wie dem Heimatmuseum oder der Bibliothek Arosa.<\/span><\/p>\n<p>\u00a0<\/p>\n<p><span style=\"font-family: arial,helvetica,sans-serif; font-size: small;\">Der Ausbau werde personell und finanziell mit dem Verzicht auf die Eigenproduktion einer Oper auf der Waldb\u00fchne erm\u00f6glicht. Der Vorstand von Arosa Kultur habe \u00abschweren Herzens entschieden, auf das Arosa Musik Theater zu verzichten, um mit den gleichen Mitteln ein umso gr\u00f6sseres und vielf\u00e4ltigeres Angebot schaffen zu k\u00f6nnen\u00bb, zitiert die Medienmitteilung Andri Probst, den Gesch\u00e4ftsf\u00fchrer von Arosa Kultur. Es werde aber auch in Zukunft Opernvorstellungen geben. In welcher Form, sei noch offen. <em>(cf)<\/em><\/span><\/p>\n<p>\u00a0<\/p>\n","protected":false},"excerpt":{"rendered":"<p><span style=\"font-family: arial,helvetica,sans-serif; font-size: small;\">28.01.2015 &#8212; Arosa Kultur will den \u00abKultursommer Arosa\u00bb ausbauen. Die Mittel dazu sollen dank dem Verzicht auf die\u00a0 Eigenproduktion einer Oper auf der Waldb\u00fchne freigemacht werden.<\/span><\/p>\n","protected":false},"author":1,"featured_media":0,"comment_status":"open","ping_status":"open","sticky":false,"template":"","format":"standard","meta":{"footnotes":""},"categories":[2],"tags":[],"class_list":["post-2058","post","type-post","status-publish","format-standard","hentry","category-nachrichten","entry"],"_links":{"self":[{"href":"https:\/\/codexflores.ch\/index.php\/wp-json\/wp\/v2\/posts\/2058","targetHints":{"allow":["GET"]}}],"collection":[{"href":"https:\/\/codexflores.ch\/index.php\/wp-json\/wp\/v2\/posts"}],"about":[{"href":"https:\/\/codexflores.ch\/index.php\/wp-json\/wp\/v2\/types\/post"}],"author":[{"embeddable":true,"href":"https:\/\/codexflores.ch\/index.php\/wp-json\/wp\/v2\/users\/1"}],"replies":[{"embeddable":true,"href":"https:\/\/codexflores.ch\/index.php\/wp-json\/wp\/v2\/comments?post=2058"}],"version-history":[{"count":0,"href":"https:\/\/codexflores.ch\/index.php\/wp-json\/wp\/v2\/posts\/2058\/revisions"}],"wp:attachment":[{"href":"https:\/\/codexflores.ch\/index.php\/wp-json\/wp\/v2\/media?parent=2058"}],"wp:term":[{"taxonomy":"category","embeddable":true,"href":"https:\/\/codexflores.ch\/index.php\/wp-json\/wp\/v2\/categories?post=2058"},{"taxonomy":"post_tag","embeddable":true,"href":"https:\/\/codexflores.ch\/index.php\/wp-json\/wp\/v2\/tags?post=2058"}],"curies":[{"name":"wp","href":"https:\/\/api.w.org\/{rel}","templated":true}]}}