{"id":2059,"date":"2015-01-28T07:04:23","date_gmt":"2015-01-28T07:04:23","guid":{"rendered":"https:\/\/codexflores.ch\/index.php\/2015\/01\/28\/gassmann-leitet-kuenstlerischen-betrieb-beim-heidelberger-fruehling\/"},"modified":"2015-01-28T07:04:23","modified_gmt":"2015-01-28T07:04:23","slug":"gassmann-leitet-kuenstlerischen-betrieb-beim-heidelberger-fruehling","status":"publish","type":"post","link":"https:\/\/codexflores.ch\/index.php\/2015\/01\/28\/gassmann-leitet-kuenstlerischen-betrieb-beim-heidelberger-fruehling\/","title":{"rendered":"Gassmann leitet k\u00fcnstlerischen Betrieb beim Heidelberger Fr\u00fchling"},"content":{"rendered":"<p><span style=\"font-family: arial,helvetica,sans-serif; font-size: small;\">28.01.2015 &#8212; Der <span class=\"cs8B191A5E\">Kirchenmusiker und Musikwissenschaftler <\/span><span class=\"cs8B191A5E\">Michael Gassmann wird ab dem 1. Februar 2015 neuer Leiter des k\u00fcnstlerischen Betriebs beim Internationalen Musikfestival Heidelberger Fr\u00fchling. Er folgt in dem Amt auf <span class=\"cs8B191A5E\">Dominik Winterling.<\/span><\/span><\/span><\/p>\n<p><span style=\"font-family: arial,helvetica,sans-serif; font-size: small;\"><strong>28.01.2015 &#8212; Der <span class=\"cs8B191A5E\">Kirchenmusiker und Musikwissenschaftler <\/span><span class=\"cs8B191A5E\">Michael Gassmann wird ab dem 1. Februar 2015 neuer Leiter des k\u00fcnstlerischen Betriebs beim Internationalen Musikfestival Heidelberger Fr\u00fchling. <span class=\"cs8B191A5E\">Er folgt in dem Amt auf <span class=\"cs8B191A5E\">Dominik Winterling.<\/span><\/span><\/span><\/strong><\/span><\/p>\n<p><span style=\"font-family: arial,helvetica,sans-serif; font-size: small;\">\u00a0<\/span><\/p>\n<p><span style=\"font-family: arial,helvetica,sans-serif; font-size: small;\"><span class=\"cs8B191A5E\">Gassmann arbeitete unter anderem als Redakteur der <em>Frankfurter Allgemeinen Zeitung<\/em>, als Gesch\u00e4ftsf\u00fchrer des Musik Podium Stuttgart und zuletzt als Chefdramaturg und Wissenschaftlicher Leiter der Internationalen Bachakademie Stuttgart. Seit 2007 ist er zudem Jurymitglied beim Preis der Deutschen Schallplattenkritik. Gassmann folgt auf Dominik Winterling, der ab Februar Gesch\u00e4ftsf\u00fchrer der Stiftung Elbphilharmonie und Leiter des Development der Hamburg Musik gGmbH wird. <\/span><\/span><\/p>\n<p><span style=\"font-family: arial,helvetica,sans-serif; font-size: small;\"><span class=\"cs8B191A5E\">\u00a0<\/span><\/span><\/p>\n<p><span><span><span class=\"cs8B191A5E\"><span style=\"font-family: arial,helvetica,sans-serif; font-size: small;\">Das Internationale Musikfestival Heidelberger Fr\u00fchling findet seit 1997 j\u00e4hrlich im M\u00e4rz und April in Heidelberg statt. Mit ihm verbunden sind das Streichquartettfest Heidelberg, die Heidelberg Festival Akademie f\u00fcr Liedgesang, Kammermusik, Komposition und Musikjournalismus sowie die Heidelberg Music Conference, eine j\u00e4hrliche Tagung der bedeutenden europ\u00e4ischen Festivals und Konzerth\u00e4user. <em>(cf)<\/em><\/span><br \/><\/span><\/span><\/span><\/p>\n<p>\u00a0<\/p>\n","protected":false},"excerpt":{"rendered":"<p><span style=\"font-family: arial,helvetica,sans-serif; font-size: small;\">28.01.2015 &#8212; Der <span class=\"cs8B191A5E\">Kirchenmusiker und Musikwissenschaftler <\/span><span class=\"cs8B191A5E\">Michael Gassmann wird ab dem 1. Februar 2015 neuer Leiter des k\u00fcnstlerischen Betriebs beim Internationalen Musikfestival Heidelberger Fr\u00fchling. Er folgt in dem Amt auf <span class=\"cs8B191A5E\">Dominik Winterling.<\/span><\/span><\/span><\/p>\n","protected":false},"author":1,"featured_media":0,"comment_status":"open","ping_status":"open","sticky":false,"template":"","format":"standard","meta":{"footnotes":""},"categories":[2],"tags":[],"class_list":["post-2059","post","type-post","status-publish","format-standard","hentry","category-nachrichten","entry"],"_links":{"self":[{"href":"https:\/\/codexflores.ch\/index.php\/wp-json\/wp\/v2\/posts\/2059","targetHints":{"allow":["GET"]}}],"collection":[{"href":"https:\/\/codexflores.ch\/index.php\/wp-json\/wp\/v2\/posts"}],"about":[{"href":"https:\/\/codexflores.ch\/index.php\/wp-json\/wp\/v2\/types\/post"}],"author":[{"embeddable":true,"href":"https:\/\/codexflores.ch\/index.php\/wp-json\/wp\/v2\/users\/1"}],"replies":[{"embeddable":true,"href":"https:\/\/codexflores.ch\/index.php\/wp-json\/wp\/v2\/comments?post=2059"}],"version-history":[{"count":0,"href":"https:\/\/codexflores.ch\/index.php\/wp-json\/wp\/v2\/posts\/2059\/revisions"}],"wp:attachment":[{"href":"https:\/\/codexflores.ch\/index.php\/wp-json\/wp\/v2\/media?parent=2059"}],"wp:term":[{"taxonomy":"category","embeddable":true,"href":"https:\/\/codexflores.ch\/index.php\/wp-json\/wp\/v2\/categories?post=2059"},{"taxonomy":"post_tag","embeddable":true,"href":"https:\/\/codexflores.ch\/index.php\/wp-json\/wp\/v2\/tags?post=2059"}],"curies":[{"name":"wp","href":"https:\/\/api.w.org\/{rel}","templated":true}]}}