{"id":2065,"date":"2015-01-29T07:51:51","date_gmt":"2015-01-29T07:51:51","guid":{"rendered":"https:\/\/codexflores.ch\/index.php\/2015\/01\/29\/nott-uebenimmt-leitung-des-orchestre-de-la-suisse-romande\/"},"modified":"2015-01-29T07:51:51","modified_gmt":"2015-01-29T07:51:51","slug":"nott-uebenimmt-leitung-des-orchestre-de-la-suisse-romande","status":"publish","type":"post","link":"https:\/\/codexflores.ch\/index.php\/2015\/01\/29\/nott-uebenimmt-leitung-des-orchestre-de-la-suisse-romande\/","title":{"rendered":"Nott \u00fcbenimmt Leitung des Orchestre de la Suisse Romande"},"content":{"rendered":"<p><span style=\"font-family: arial,helvetica,sans-serif; font-size: small;\">29.01.2015 &#8212; Laut einer offiziellen Mitteilung des Orchestre de la Suisse Romande wird Jonathan Nott bei dem Ensemble Nachfolger von Neeme J\u00e4rvi als K\u00fcnstlerischer Leiter und Musikdirektor. Er \u00fcbernimmt das Amt mit der Saison 2016\/17.<\/span><\/p>\n<p><span style=\"font-family: arial,helvetica,sans-serif; font-size: small;\"><strong>29.01.2015 &#8212; Laut einer offiziellen Mitteilung des Orchestre de la Suisse Romande wird Jonathan Nott bei dem Ensemble Nachfolger von Neeme J\u00e4rvi als K\u00fcnstlerischer Leiter und Musikdirektor. Er \u00fcbernimmt das Amt mit der Saison 2016\/17.<\/strong><\/span><\/p>\n<p><span style=\"font-family: arial,helvetica,sans-serif; font-size: small;\">\u00a0<\/span><\/p>\n<p><span style=\"font-family: arial,helvetica,sans-serif; font-size: small;\">Jonathan Nott ist seit dem Jahr 2000 Chefdirigent der Bayerischen Staatsphilharmonie. Er hat den Vertrag bis 2016 verl\u00e4ngert. Zuvor war er unter anderem von 1997 bis 2002 Musikalischer Leiter des Luzerner Theaters und Principal Conductor des Luzerner Sinfonieorchesters. <em>(cf)<\/em><\/span><\/p>\n<p><span style=\"font-family: arial,helvetica,sans-serif; font-size: small;\">\u00a0<\/span><\/p>\n","protected":false},"excerpt":{"rendered":"<p><span style=\"font-family: arial,helvetica,sans-serif; font-size: small;\">29.01.2015 &#8212; Laut einer offiziellen Mitteilung des Orchestre de la Suisse Romande wird Jonathan Nott bei dem Ensemble Nachfolger von Neeme J\u00e4rvi als K\u00fcnstlerischer Leiter und Musikdirektor. Er \u00fcbernimmt das Amt mit der Saison 2016\/17.<\/span><\/p>\n","protected":false},"author":1,"featured_media":0,"comment_status":"open","ping_status":"open","sticky":false,"template":"","format":"standard","meta":{"footnotes":""},"categories":[2],"tags":[],"class_list":["post-2065","post","type-post","status-publish","format-standard","hentry","category-nachrichten","entry"],"_links":{"self":[{"href":"https:\/\/codexflores.ch\/index.php\/wp-json\/wp\/v2\/posts\/2065","targetHints":{"allow":["GET"]}}],"collection":[{"href":"https:\/\/codexflores.ch\/index.php\/wp-json\/wp\/v2\/posts"}],"about":[{"href":"https:\/\/codexflores.ch\/index.php\/wp-json\/wp\/v2\/types\/post"}],"author":[{"embeddable":true,"href":"https:\/\/codexflores.ch\/index.php\/wp-json\/wp\/v2\/users\/1"}],"replies":[{"embeddable":true,"href":"https:\/\/codexflores.ch\/index.php\/wp-json\/wp\/v2\/comments?post=2065"}],"version-history":[{"count":0,"href":"https:\/\/codexflores.ch\/index.php\/wp-json\/wp\/v2\/posts\/2065\/revisions"}],"wp:attachment":[{"href":"https:\/\/codexflores.ch\/index.php\/wp-json\/wp\/v2\/media?parent=2065"}],"wp:term":[{"taxonomy":"category","embeddable":true,"href":"https:\/\/codexflores.ch\/index.php\/wp-json\/wp\/v2\/categories?post=2065"},{"taxonomy":"post_tag","embeddable":true,"href":"https:\/\/codexflores.ch\/index.php\/wp-json\/wp\/v2\/tags?post=2065"}],"curies":[{"name":"wp","href":"https:\/\/api.w.org\/{rel}","templated":true}]}}