{"id":2071,"date":"2015-01-30T11:43:21","date_gmt":"2015-01-30T11:43:21","guid":{"rendered":"https:\/\/codexflores.ch\/index.php\/2015\/01\/30\/organ-journal-fuer-die-orgel-04-2014\/"},"modified":"2015-01-30T11:43:21","modified_gmt":"2015-01-30T11:43:21","slug":"organ-journal-fuer-die-orgel-04-2014","status":"publish","type":"post","link":"https:\/\/codexflores.ch\/index.php\/2015\/01\/30\/organ-journal-fuer-die-orgel-04-2014\/","title":{"rendered":"Organ \u2013 Journal f\u00fcr die Orgel 04\/2014"},"content":{"rendered":"<p><img loading=\"lazy\" decoding=\"async\" src=\"images\/zeitschriften_covers\/2015\/ORG_2014_04_100px.jpg\" border=\"0\" alt=\"Cover Zeitschrift\" width=\"100\" height=\"142\" style=\"float: left; margin: 8px;\" \/><\/p>\n<p><span style=\"font-family: arial,helvetica,sans-serif;\"><strong>\u00a0<\/strong><\/span><\/p>\n<p><span style=\"font-family: arial,helvetica,sans-serif;\"><strong>Die Orgel der Kathedrale zu Lausanne<\/strong><\/span><\/p>\n<div class=\"article\">\n<p class=\"borderBottom\"><span style=\"font-family: arial,helvetica,sans-serif;\"><strong>Gespr\u00e4ch<\/strong><\/span><\/p>\n<p> <span style=\"font-family: arial,helvetica,sans-serif;\"> <a class=\"articleTextBold\" href=\"http:\/\/www.organ-journal.com\/de_DE\/journal\/issues\/showarticle,38942.html\"> Musikalischer Grenzg\u00e4nger und Querdenker <\/a> <\/span><br \/><span class=\"articleText\" style=\"font-family: arial,helvetica,sans-serif;\"> Der Dirigent, Organist und Cembalist Hansj\u00f6rg Albrecht, K\u00fcnstlerischer Leiter des M\u00fcnchener Bach-Chors und Bach-Orchesters, im Gespr\u00e4ch <\/span><\/div>\n<p>\u00a0<\/p>\n<div class=\"article\">\n<p class=\"borderBottom\"><span style=\"font-family: arial,helvetica,sans-serif;\"><strong>Instrument<\/strong><\/span><\/p>\n<p> <span style=\"font-family: arial,helvetica,sans-serif;\"> <span class=\"articleTextSmall\">A<\/span><span class=\"articleTextSmall\">dolph, Wolfram<\/span> <\/span><br \/><span style=\"font-family: arial,helvetica,sans-serif;\"> <a class=\"articleTextBold\" href=\"http:\/\/www.organ-journal.com\/de_DE\/journal\/issues\/showarticle,38943.html\"> Toccata &amp;\u2008Lux <\/a> <\/span><br \/><span class=\"articleText\" style=\"font-family: arial,helvetica,sans-serif;\"> Zum zehnj\u00e4hrigen Erbauungsjubil\u00e4um des Opus 120 von C. B. Fisk in der Kathedrale zu Lau\u00ad\u00adsanne wurde das \u201eneue\u201c Fernwerk eingeweiht <\/span><\/div>\n<p>\u00a0<\/p>\n<div class=\"article\"><span style=\"font-family: arial,helvetica,sans-serif;\"> <a class=\"articleTextBold\" href=\"http:\/\/www.organ-journal.com\/de_DE\/journal\/issues\/showarticle,38964.html\"> Die CD zum Heft <\/a> <\/span><br \/><span class=\"articleText\" style=\"font-family: arial,helvetica,sans-serif;\"> Toccatissima. Jean-Christophe Geiser an der gro\u00dfen Fisk-Orgel op. 120 (2003\/13) der Kathedrale zu Lausanne (Schweiz) <\/span><\/div>\n<p>\u00a0<\/p>\n<div class=\"article\">\n<p class=\"borderBottom\"><span style=\"font-family: arial,helvetica,sans-serif;\"><strong>Portr\u00e4t<\/strong><\/span><\/p>\n<p> <span class=\"articleTextSmall\" style=\"font-family: arial,helvetica,sans-serif;\"> Rampe, Siegbert <\/span><br \/><span style=\"font-family: arial,helvetica,sans-serif;\"> <a class=\"articleTextBold\" href=\"http:\/\/www.organ-journal.com\/de_DE\/journal\/issues\/showarticle,38944.html\"> Er ist der Vater; wir sind die Bub\u2019n <\/a> <\/span><br \/><span class=\"articleText\" style=\"font-family: arial,helvetica,sans-serif;\"> Carl Philipp Emanuel Bach, der Organist \u2013 zum 300. Geburtstag <\/span><\/div>\n<p>\u00a0<\/p>\n<div class=\"article\">\n<p class=\"borderBottom\"><span style=\"font-family: arial,helvetica,sans-serif;\"><strong>Interpretation<\/strong><\/span><\/p>\n<p> <span class=\"articleTextSmall\" style=\"font-family: arial,helvetica,sans-serif;\"> Mantoux, Christophe <\/span><br \/><span style=\"font-family: arial,helvetica,sans-serif;\"> <a class=\"articleTextBold\" href=\"http:\/\/www.organ-journal.com\/de_DE\/journal\/issues\/showarticle,38945.html\"> Hommage an einen verlorenen Freund <\/a> <\/span><br \/><span class=\"articleText\" style=\"font-family: arial,helvetica,sans-serif;\"> Maurice Durufl\u00e9s Opus 7 f\u00fcr Orgel \u2013 Zum bevorstehenden 75. Todestag von Jehan Alain (1911\u201340) <\/span><\/div>\n<p>\u00a0<\/p>\n<div class=\"article\">\n<p class=\"borderBottom\"><span style=\"font-family: arial,helvetica,sans-serif;\"><strong>Europa<\/strong><\/span><\/p>\n<p> <span class=\"articleTextSmall\" style=\"font-family: arial,helvetica,sans-serif;\"> Denecke, Kerstin <\/span><br \/><span style=\"font-family: arial,helvetica,sans-serif;\"> <a class=\"articleTextBold\" href=\"http:\/\/www.organ-journal.com\/de_DE\/journal\/issues\/showarticle,38946.html\"> I heard the Sound of their Wings <\/a> <\/span><br \/><span class=\"articleText\" style=\"font-family: arial,helvetica,sans-serif;\"> Entdeckungen (neuer) isl\u00e4ndischer Orgelkl\u00e4nge <\/span><\/div>\n<p>\u00a0<\/p>\n<div class=\"article\">\n<p class=\"borderBottom\"><span style=\"font-family: arial,helvetica,sans-serif;\"><strong>Jubil\u00e4um<\/strong><\/span><\/p>\n<p> <span class=\"articleTextSmall\" style=\"font-family: arial,helvetica,sans-serif;\"> Welzel, Martin <\/span><br \/><span style=\"font-family: arial,helvetica,sans-serif;\"> <a class=\"articleTextBold\" href=\"http:\/\/www.organ-journal.com\/de_DE\/journal\/issues\/showarticle,38947.html\"> Organist an Notre-Dame de Paris <\/a> <\/span><br \/><span class=\"articleText\" style=\"font-family: arial,helvetica,sans-serif;\"> Eine Erinnerung an Pierre Cochereau (1924\u201384) \u2013 zum 90. Geburtstag und 30. Todestag <\/span><\/div>\n<p>\u00a0<\/p>\n<div class=\"article\">\n<p class=\"borderBottom\"><span style=\"font-family: arial,helvetica,sans-serif;\"><strong>Instrument<\/strong><\/span><\/p>\n<p> <span class=\"articleTextSmall\" style=\"font-family: arial,helvetica,sans-serif;\"> Brandhorst, J\u00fcrgen <\/span><br \/><span style=\"font-family: arial,helvetica,sans-serif;\"> <a class=\"articleTextBold\" href=\"http:\/\/www.organ-journal.com\/de_DE\/journal\/issues\/showarticle,38948.html\"> Symphonisches Kabinettst\u00fcck <\/a> <\/span><br \/><span class=\"articleText\" style=\"font-family: arial,helvetica,sans-serif;\"> Die Orgelmanufactur Vleugels fertigte f\u00fcr M\u00fcnchen eine zweimanualige \u201eChororgel\u201c (14\/II\/P) in der \u00c4sthetik Aristide Cavaill\u00e9-Colls <\/span><\/div>\n<p>\u00a0<\/p>\n<div class=\"article\">\n<p class=\"borderBottom\"><span style=\"font-family: arial,helvetica,sans-serif;\"><strong>Bericht<\/strong><\/span><\/p>\n<p> <span style=\"font-family: arial,helvetica,sans-serif;\"> <a class=\"articleTextBold\" href=\"http:\/\/www.organ-journal.com\/de_DE\/journal\/issues\/showarticle,38949.html\"> Opfer der Ukraine-Krise <\/a> <\/span><br \/><span class=\"articleText\" style=\"font-family: arial,helvetica,sans-serif;\"> Potsdamer Traditions-Orgelbauer insolvent <\/span><\/div>\n<p>\u00a0<\/p>\n<div class=\"article\"><span style=\"font-family: arial,helvetica,sans-serif;\"> <a class=\"articleTextBold\" href=\"http:\/\/www.organ-journal.com\/de_DE\/journal\/issues\/showarticle,38950.html\"> <\/a><a class=\"articleTextBold\" href=\"http:\/\/www.organ-journal.com\/de_DE\/journal\/issues\/showarticle,38950.html\">Zweimal geflutet <\/a> <\/span><br \/><span class=\"articleText\" style=\"font-family: arial,helvetica,sans-serif;\"> Orgel der Koblenzer Rhein-Mosel-Halle saniert <\/span><\/div>\n<p>\u00a0<\/p>\n<div class=\"article\">\n<p class=\"borderBottom\"><span style=\"font-family: arial,helvetica,sans-serif;\"><strong>Noten<\/strong><\/span><\/p>\n<p> <span class=\"articleTextSmall\" style=\"font-family: arial,helvetica,sans-serif;\"> Meyer, Rudolf <\/span><br \/><span style=\"font-family: arial,helvetica,sans-serif;\"> <a class=\"articleTextBold\" href=\"http:\/\/www.organ-journal.com\/de_DE\/journal\/issues\/showarticle,38961.html\"> Toccata (2010) per l\u2019elevatione dell\u2019organo Metzler, a. d. 1960 di Grossm\u00fcnster Zurigo <\/a> <\/span><br \/><span class=\"articleText\" style=\"font-family: arial,helvetica,sans-serif;\"> hg. von Lehel Don\u00e1th <\/span><\/div>\n<p>\u00a0<\/p>\n<div class=\"article\"> <\/p>\n<p class=\"borderBottom\"><span style=\"font-family: arial,helvetica,sans-serif;\"><strong>CDs<\/strong><\/span><\/p>\n<p> <span class=\"articleTextSmall\" style=\"font-family: arial,helvetica,sans-serif;\"> Praetorius, Hieronymus &amp; Jacob jun. <\/span><br \/><span style=\"font-family: arial,helvetica,sans-serif;\"> <a class=\"articleTextBold\" href=\"http:\/\/www.organ-journal.com\/de_DE\/journal\/issues\/showarticle,38951.html\"> Organ Works <\/a> <\/span><\/div>\n<p>\u00a0<\/p>\n<div class=\"article\"><span style=\"font-family: arial,helvetica,sans-serif;\"> <span class=\"articleTextSmall\">Br<\/span><span class=\"articleTextSmall\">uhns \u2013 Hasse<\/span> <\/span><br \/><span style=\"font-family: arial,helvetica,sans-serif;\"> <a class=\"articleTextBold\" href=\"http:\/\/www.organ-journal.com\/de_DE\/journal\/issues\/showarticle,38952.html\"> Complete Organ Works <\/a> <\/span><\/div>\n<p>\u00a0<\/p>\n<div class=\"article\"><span class=\"articleTextSmall\" style=\"font-family: arial,helvetica,sans-serif;\"> Bach, Johann Sebastian <\/span><br \/><span style=\"font-family: arial,helvetica,sans-serif;\"> <a class=\"articleTextBold\" href=\"http:\/\/www.organ-journal.com\/de_DE\/journal\/issues\/showarticle,38953.html\"> Bach \u00e0 Moudon <\/a> <\/span><\/div>\n<p>\u00a0<\/p>\n<div class=\"article\"><span class=\"articleTextSmall\" style=\"font-family: arial,helvetica,sans-serif;\"> Reger, Max <\/span><br \/><span style=\"font-family: arial,helvetica,sans-serif;\"> <a class=\"articleTextBold\" href=\"http:\/\/www.organ-journal.com\/de_DE\/journal\/issues\/showarticle,38954.html\"> Symphonischer Prolog zu einer Trag\u00f6die | Phantasie und Fuge d-Moll | Phantasie und Fuge \u00fcber B-A-C-H <\/a> <\/span><br \/><span style=\"font-family: arial,helvetica,sans-serif;\"> <span class=\"articleText\">Orgeltrans<\/span><span class=\"articleText\">kription von Heinrich Walther (2010)<\/span> <\/span><\/div>\n<p>\u00a0<\/p>\n<div class=\"article\"><span style=\"font-family: arial,helvetica,sans-serif;\"> <a class=\"articleTextBold\" href=\"http:\/\/www.organ-journal.com\/de_DE\/journal\/issues\/showarticle,38955.html\"> \u201eTransprovisations\u201c <\/a> <\/span><br \/><span class=\"articleText\" style=\"font-family: arial,helvetica,sans-serif;\"> Werke von Charles Tourne\u00admire, Louis Vierne, Marcel Dupr\u00e9, J. S. Bach, Jean Guillou, Pierre Chochereau und Olivier Latry <\/span><\/div>\n<p>\u00a0<\/p>\n<div class=\"article\"><span style=\"font-family: arial,helvetica,sans-serif;\"> <a class=\"articleTextBold\" href=\"http:\/\/www.organ-journal.com\/de_DE\/journal\/issues\/showarticle,38956.html\"> Die helvetische Orgel <\/a> <\/span><br \/><span class=\"articleText\" style=\"font-family: arial,helvetica,sans-serif;\"> Fantasie \u00fcber \u201eUnser Leben gleicht der Reise\u201c (Beresinalied) | Suite helv\u00e9tique | Ca\u00adrillons suisses | Schweizer Volkslieder | Variationen \u00fcber \u201eTrittst im Morgenrot daher\u201c <\/span><\/div>\n<p>\u00a0<\/p>\n<div class=\"article\"> <\/p>\n<p class=\"borderBottom\"><span style=\"font-family: arial,helvetica,sans-serif;\"><strong>B\u00fccher<\/strong><\/span><\/p>\n<p> <span style=\"font-family: arial,helvetica,sans-serif;\"> <span class=\"articleTextSmall\">Ri<\/span><span class=\"articleTextSmall\">eger, Diana<\/span> <\/span><br \/><span style=\"font-family: arial,helvetica,sans-serif;\"> <a class=\"articleTextBold\" href=\"http:\/\/www.organ-journal.com\/de_DE\/journal\/issues\/showarticle,38957.html\"> Zur Aktualit\u00e4t klassischer Orgelschulen <\/a> <\/span><br \/><span class=\"articleText\" style=\"font-family: arial,helvetica,sans-serif;\"> Evaluation \u2013 Akzeptanz \u2013 Ausblick <\/span><\/div>\n<p>\u00a0<\/p>\n<div class=\"article\">\n<p class=\"borderBottom\"><span style=\"font-family: arial,helvetica,sans-serif;\"><strong>Noten<\/strong><\/span><\/p>\n<p> <span class=\"articleTextSmall\" style=\"font-family: arial,helvetica,sans-serif;\"> Brahms, Johannes <\/span><br \/><span style=\"font-family: arial,helvetica,sans-serif;\"> <a class=\"articleTextBold\" href=\"http:\/\/www.organ-journal.com\/de_DE\/journal\/issues\/showarticle,38958.html\"> Variationen und Fuge \u00fcber ein Thema von H\u00e4ndel <\/a> <\/span><br \/><span class=\"articleText\" style=\"font-family: arial,helvetica,sans-serif;\"> Bearbeitung f\u00fcr Orgel, op. 24 von Martin Schmeding <\/span><\/div>\n<p>\u00a0<\/p>\n<div class=\"article\"><span style=\"font-family: arial,helvetica,sans-serif;\"> <a class=\"articleTextBold\" href=\"http:\/\/www.organ-journal.com\/de_DE\/journal\/issues\/showarticle,38959.html\"> <\/a><a class=\"articleTextBold\" href=\"http:\/\/www.organ-journal.com\/de_DE\/journal\/issues\/showarticle,38959.html\">English Organ Music of the 18th and 19th Centuries <\/a> <\/span><\/div>\n<p>\u00a0<\/p>\n<div class=\"article\"><span class=\"articleTextSmall\" style=\"font-family: arial,helvetica,sans-serif;\"> Estermann, Kurt <\/span><br \/><span style=\"font-family: arial,helvetica,sans-serif;\"> <a class=\"articleTextBold\" href=\"http:\/\/www.organ-journal.com\/de_DE\/journal\/issues\/showarticle,38960.html\"> A fansye (2010) f\u00fcr Orgel solo <\/a> <\/span><\/div>\n<p>\u00a0<\/p>\n<div class=\"article\"><span class=\"articleTextSmall\" style=\"font-family: arial,helvetica,sans-serif;\"> Briggs, David <\/span><br \/><span style=\"font-family: arial,helvetica,sans-serif;\"> <a class=\"articleTextBold\" href=\"http:\/\/www.organ-journal.com\/de_DE\/journal\/issues\/showarticle,38962.html\"> Triptyque de No\u00ebl f\u00fcr Orgel (2008) <\/a> <\/span><\/div>\n<p><span class=\"articleTextSmall\" style=\"font-family: arial,helvetica,sans-serif;\"> Watkins, Huw <\/span><br \/> <a class=\"articleTextBold\" href=\"http:\/\/www.organ-journal.com\/de_DE\/journal\/issues\/showarticle,38963.html\"><span style=\"font-family: arial,helvetica,sans-serif;\"> Toccata for organ (2012) <\/span> <\/a><\/p>\n","protected":false},"excerpt":{"rendered":"<p>\u00a0 Die Orgel der Kathedrale zu Lausanne Gespr\u00e4ch Musikalischer Grenzg\u00e4nger und Querdenker Der Dirigent, Organist und Cembalist Hansj\u00f6rg Albrecht, K\u00fcnstlerischer&#8230;<\/p>\n","protected":false},"author":1,"featured_media":0,"comment_status":"open","ping_status":"open","sticky":false,"template":"","format":"standard","meta":{"footnotes":""},"categories":[10],"tags":[],"class_list":["post-2071","post","type-post","status-publish","format-standard","hentry","category-fachzeitschriften","entry"],"_links":{"self":[{"href":"https:\/\/codexflores.ch\/index.php\/wp-json\/wp\/v2\/posts\/2071","targetHints":{"allow":["GET"]}}],"collection":[{"href":"https:\/\/codexflores.ch\/index.php\/wp-json\/wp\/v2\/posts"}],"about":[{"href":"https:\/\/codexflores.ch\/index.php\/wp-json\/wp\/v2\/types\/post"}],"author":[{"embeddable":true,"href":"https:\/\/codexflores.ch\/index.php\/wp-json\/wp\/v2\/users\/1"}],"replies":[{"embeddable":true,"href":"https:\/\/codexflores.ch\/index.php\/wp-json\/wp\/v2\/comments?post=2071"}],"version-history":[{"count":0,"href":"https:\/\/codexflores.ch\/index.php\/wp-json\/wp\/v2\/posts\/2071\/revisions"}],"wp:attachment":[{"href":"https:\/\/codexflores.ch\/index.php\/wp-json\/wp\/v2\/media?parent=2071"}],"wp:term":[{"taxonomy":"category","embeddable":true,"href":"https:\/\/codexflores.ch\/index.php\/wp-json\/wp\/v2\/categories?post=2071"},{"taxonomy":"post_tag","embeddable":true,"href":"https:\/\/codexflores.ch\/index.php\/wp-json\/wp\/v2\/tags?post=2071"}],"curies":[{"name":"wp","href":"https:\/\/api.w.org\/{rel}","templated":true}]}}