{"id":2072,"date":"2015-02-02T06:53:41","date_gmt":"2015-02-02T06:53:41","guid":{"rendered":"https:\/\/codexflores.ch\/index.php\/2015\/02\/02\/tod-des-franzoesischen-pianisten-aldo-ciccolini\/"},"modified":"2015-02-02T06:53:41","modified_gmt":"2015-02-02T06:53:41","slug":"tod-des-franzoesischen-pianisten-aldo-ciccolini","status":"publish","type":"post","link":"https:\/\/codexflores.ch\/index.php\/2015\/02\/02\/tod-des-franzoesischen-pianisten-aldo-ciccolini\/","title":{"rendered":"Tod des franz\u00f6sischen Pianisten Aldo Ciccolini"},"content":{"rendered":"<p><span style=\"font-family: arial,helvetica,sans-serif; font-size: small;\" data-reactid=\".0.0\">02.02.2015 &#8212; Der Pianist Aldo Ciccolini, der als geb\u00fcrtiger Italiener mit franz\u00f6sischem Pass vor allem die franz\u00f6sische Klaviermusik pflegte, ist im Alter von 89 Jahren in der N\u00e4he von Paris verstorben. Ber\u00fchmt gemacht hatte ihn unter anderem eine Gesamteinspeilung des Klavierwerks von Eric Satie.<\/span><\/p>\n<p><span style=\"font-family: arial,helvetica,sans-serif; font-size: small;\" data-reactid=\".0.0\"><strong> <span data-reactid=\".0.0\"><span style=\"font-family: arial,helvetica,sans-serif; font-size: small;\" data-reactid=\".0.0\">02.02.2015 &#8212; Der Pianist Aldo Ciccolini, der als geb\u00fcrtiger Italiener mit franz\u00f6sischem Pass vor allem die franz\u00f6sische Klaviermusik pflegte, ist im Alter von 89 Jahren in der N\u00e4he von Paris verstorben. Ber\u00fchmt gemacht hatte ihn unter anderem eine Gesamteinspeilung des Klavierwerks von Eric Satie<\/span>.<\/span><\/strong><br \/><\/span><\/p>\n<p><span style=\"font-family: arial,helvetica,sans-serif; font-size: small;\" data-reactid=\".0.0\"><span data-reactid=\".0.0\">\u00a0<\/span><\/span><\/p>\n<p><span style=\"font-family: arial,helvetica,sans-serif; font-size: small;\"><span data-reactid=\".0.0\"><span data-reactid=\".0.0\">Der in Neapel geborene Aldo Ciccolini studierte in der Tradition von Ferruccio Busoni und Franz Liszt und deb\u00fctierte <\/span><\/span><span data-reactid=\".0.0\"><span data-reactid=\".0.0\">1941<\/span><\/span><span data-reactid=\".0.0\"><span data-reactid=\".0.0\"> mit 16 Jahren in seiner Heimatstadt. 1949 gewann er den Marguerite Long-Jacques Thibaud Wettbewerb. <\/span><\/span><\/span><\/p>\n<p><span style=\"font-family: arial,helvetica,sans-serif; font-size: small;\"><span data-reactid=\".0.0\"><span data-reactid=\".0.0\">\u00a0<\/span><\/span><\/span><\/p>\n<p><span style=\"font-family: arial,helvetica,sans-serif; font-size: small;\" data-reactid=\".0.0\"><span data-reactid=\".0.0\"><span data-reactid=\".0.0\">F\u00fcr seine Einspielung der Debussy-Klavierwerke wurde er 1993 mit einem Diapason d\u2019Or ausgezeichnet. <\/span>2002 gewann er einen weiteren Diapason d\u2019Or f\u00fcr die Aufnahme der Gesamtwerke von Jan\u00e1\u010dek und Schumann und\u00a0 2003 f\u00fcr ein Album mit Chopins Nocturnes. <em>(cf)<\/em><br \/><\/span><\/span><\/p>\n<p><span style=\"font-family: arial,helvetica,sans-serif; font-size: small;\" data-reactid=\".0.0\">\u00a0<\/span><\/p>\n<p><span data-reactid=\".0.0\">\u00a0<\/span><\/p>\n","protected":false},"excerpt":{"rendered":"<p><span style=\"font-family: arial,helvetica,sans-serif; font-size: small;\" data-reactid=\".0.0\">02.02.2015 &#8212; Der Pianist Aldo Ciccolini, der als geb\u00fcrtiger Italiener mit franz\u00f6sischem Pass vor allem die franz\u00f6sische Klaviermusik pflegte, ist im Alter von 89 Jahren in der N\u00e4he von Paris verstorben. Ber\u00fchmt gemacht hatte ihn unter anderem eine Gesamteinspeilung des Klavierwerks von Eric Satie.<\/span><\/p>\n","protected":false},"author":1,"featured_media":0,"comment_status":"open","ping_status":"open","sticky":false,"template":"","format":"standard","meta":{"footnotes":""},"categories":[2],"tags":[],"class_list":["post-2072","post","type-post","status-publish","format-standard","hentry","category-nachrichten","entry"],"_links":{"self":[{"href":"https:\/\/codexflores.ch\/index.php\/wp-json\/wp\/v2\/posts\/2072","targetHints":{"allow":["GET"]}}],"collection":[{"href":"https:\/\/codexflores.ch\/index.php\/wp-json\/wp\/v2\/posts"}],"about":[{"href":"https:\/\/codexflores.ch\/index.php\/wp-json\/wp\/v2\/types\/post"}],"author":[{"embeddable":true,"href":"https:\/\/codexflores.ch\/index.php\/wp-json\/wp\/v2\/users\/1"}],"replies":[{"embeddable":true,"href":"https:\/\/codexflores.ch\/index.php\/wp-json\/wp\/v2\/comments?post=2072"}],"version-history":[{"count":0,"href":"https:\/\/codexflores.ch\/index.php\/wp-json\/wp\/v2\/posts\/2072\/revisions"}],"wp:attachment":[{"href":"https:\/\/codexflores.ch\/index.php\/wp-json\/wp\/v2\/media?parent=2072"}],"wp:term":[{"taxonomy":"category","embeddable":true,"href":"https:\/\/codexflores.ch\/index.php\/wp-json\/wp\/v2\/categories?post=2072"},{"taxonomy":"post_tag","embeddable":true,"href":"https:\/\/codexflores.ch\/index.php\/wp-json\/wp\/v2\/tags?post=2072"}],"curies":[{"name":"wp","href":"https:\/\/api.w.org\/{rel}","templated":true}]}}