{"id":2075,"date":"2015-02-03T06:52:41","date_gmt":"2015-02-03T06:52:41","guid":{"rendered":"https:\/\/codexflores.ch\/index.php\/2015\/02\/03\/human-rights-orchestra-mit-teo-gheorghiu\/"},"modified":"2015-02-03T06:52:41","modified_gmt":"2015-02-03T06:52:41","slug":"human-rights-orchestra-mit-teo-gheorghiu","status":"publish","type":"post","link":"https:\/\/codexflores.ch\/index.php\/2015\/02\/03\/human-rights-orchestra-mit-teo-gheorghiu\/","title":{"rendered":"Human Rights Orchestra mit Teo Gheorghiu"},"content":{"rendered":"<p><span style=\"font-family: arial,helvetica,sans-serif; font-size: small;\">03.02.2015 &#8212; F\u00fcr sein viertes Benefizkonzert seit 2010, das am 29. April 2015 im KKL Luzern \u00fcber die B\u00fchne geht, hat das Human Rights Orchestra (HRO) den 23-\u00ad\u2010j\u00e4hrigen Schweizer Starpianisten Teo Gheorghiu eingeladen.<\/span><\/p>\n<p><span style=\"font-family: arial,helvetica,sans-serif; font-size: small;\"><strong>03.02.2015 &#8212; F\u00fcr sein viertes Benefizkonzert seit 2010, das am 29. April 2015 im KKL Luzern \u00fcber die B\u00fchne geht, hat das Human Rights Orchestra (HRO) den 23-\u00ad\u2010j\u00e4hrigen Schweizer Starpianisten Teo Gheorghiu eingeladen.<\/strong><\/span><\/p>\n<p><span style=\"font-family: arial,helvetica,sans-serif; font-size: small;\">\u00a0<\/span><\/p>\n<p><span style=\"font-family: arial,helvetica,sans-serif; font-size: small;\">Der 1992 in der N\u00e4he von Z\u00fcrich geborene Teo Gheorghiu wurden nach seiner auch pianistisch herausragenden Darstellung im Film<em>Vitus<\/em> von Orchestern in aller Welt verpflichtet.\u00a0Er spielt unter der Leitung von Alessio Allegrini Beethovens drittes Klavierkonzert.\u00a0 Der russische Violinist Ilya Gringolts spielt als Europapremiere das Violinkonzert <em>I Will Not Remain Silent<\/em> des US-\u00ad\u2010Komponisten Bruce Adolphe von 2014, das vom Leben des j\u00fcdischen Menschenrechts-\u00ad\u2010Aktivisten Joachim Prinz inspiriert ist. <\/span><\/p>\n<p>\u00a0<\/p>\n<p><span style=\"font-family: arial,helvetica,sans-serif; font-size: small;\">Der Erl\u00f6s des Benefizkonzerts kommt vollumf\u00e4nglich dem Projekt Maher im indischen Pune zugute, das Frauen unterst\u00fctzt, die Opfer von h\u00e4uslicher Gewalt geworden sind. Wie immer verzichten alle Auftretenden auf ihre Gage.\u00a0<\/span><\/p>\n<p><span style=\"font-family: arial,helvetica,sans-serif; font-size: small;\">\u00a0<\/span><\/p>\n<p><span style=\"font-family: arial,helvetica,sans-serif; font-size: small;\">Die Initiative Musicians for Human Rights wurde 2009 von Alessio Allegrini, Solo-\u00ad\u2010Hornist im Lucerne Festival Orchestra, gegr\u00fcndet. Dem HRO geh\u00f6ren Musikerinnen und Musiker der renommiertesten europ\u00e4ischen Orchester sowie Instrumentalsolisten an. Es sammelt mit Benefizkonzerten Gelder f\u00fcr Menschenrechts-\u00ad\u2010Organisationen wie M\u00e9decins Sans Fronti\u00e8res oder AfriAfrya. Ehrenmitglieder von Musicians for Human Rights sind etwa Claudia Abbado, Martha Argerich, Daniel Barenboim, H\u00e9l\u00e8ne Grimaud und Sir Simon Rattle. <em>(cf)<\/em><\/span><\/p>\n<p><span style=\"font-family: arial,helvetica,sans-serif; font-size: small;\"><em>\u00a0<\/em><\/span><\/p>\n<p><span style=\"font-family: arial,helvetica,sans-serif; font-size: small;\"><strong>Mehr Infos:<\/strong> <a href=\"http:\/\/www.musiciansforhumanrights.org\" target=\"_blank\" rel=\"noopener noreferrer\">www.musiciansforhumanrights.org<em><br \/><\/em><\/a><\/span><\/p>\n<p><span style=\"font-family: arial,helvetica,sans-serif; font-size: small;\">\u00a0<\/span><\/p>\n","protected":false},"excerpt":{"rendered":"<p><span style=\"font-family: arial,helvetica,sans-serif; font-size: small;\">03.02.2015 &#8212; F\u00fcr sein viertes Benefizkonzert seit 2010, das am 29. April 2015 im KKL Luzern \u00fcber die B\u00fchne geht, hat das Human Rights Orchestra (HRO) den 23-\u00ad\u2010j\u00e4hrigen Schweizer Starpianisten Teo Gheorghiu eingeladen.<\/span><\/p>\n","protected":false},"author":1,"featured_media":0,"comment_status":"open","ping_status":"open","sticky":false,"template":"","format":"standard","meta":{"footnotes":""},"categories":[2],"tags":[],"class_list":["post-2075","post","type-post","status-publish","format-standard","hentry","category-nachrichten","entry"],"_links":{"self":[{"href":"https:\/\/codexflores.ch\/index.php\/wp-json\/wp\/v2\/posts\/2075","targetHints":{"allow":["GET"]}}],"collection":[{"href":"https:\/\/codexflores.ch\/index.php\/wp-json\/wp\/v2\/posts"}],"about":[{"href":"https:\/\/codexflores.ch\/index.php\/wp-json\/wp\/v2\/types\/post"}],"author":[{"embeddable":true,"href":"https:\/\/codexflores.ch\/index.php\/wp-json\/wp\/v2\/users\/1"}],"replies":[{"embeddable":true,"href":"https:\/\/codexflores.ch\/index.php\/wp-json\/wp\/v2\/comments?post=2075"}],"version-history":[{"count":0,"href":"https:\/\/codexflores.ch\/index.php\/wp-json\/wp\/v2\/posts\/2075\/revisions"}],"wp:attachment":[{"href":"https:\/\/codexflores.ch\/index.php\/wp-json\/wp\/v2\/media?parent=2075"}],"wp:term":[{"taxonomy":"category","embeddable":true,"href":"https:\/\/codexflores.ch\/index.php\/wp-json\/wp\/v2\/categories?post=2075"},{"taxonomy":"post_tag","embeddable":true,"href":"https:\/\/codexflores.ch\/index.php\/wp-json\/wp\/v2\/tags?post=2075"}],"curies":[{"name":"wp","href":"https:\/\/api.w.org\/{rel}","templated":true}]}}