{"id":2076,"date":"2015-02-03T07:10:25","date_gmt":"2015-02-03T07:10:25","guid":{"rendered":"https:\/\/codexflores.ch\/index.php\/2015\/02\/03\/kein-neuer-konzertsaal-fuer-muenchen\/"},"modified":"2015-02-03T07:10:25","modified_gmt":"2015-02-03T07:10:25","slug":"kein-neuer-konzertsaal-fuer-muenchen","status":"publish","type":"post","link":"https:\/\/codexflores.ch\/index.php\/2015\/02\/03\/kein-neuer-konzertsaal-fuer-muenchen\/","title":{"rendered":"Kein neuer Konzertsaal f\u00fcr M\u00fcnchen"},"content":{"rendered":"<p><span style=\"font-family: arial,helvetica,sans-serif; font-size: small;\">03.02.2015 &#8212; Der M\u00fcnchner Oberb\u00fcrgermeister Dieter Reiter und der bayerische Ministerpr\u00e4sident Horst Seehofer haben nach einem Gespr\u00e4ch am Montag verk\u00fcndet, dass M\u00fcnchen keinen neuen Konzertsaal erhalten wird. Daf\u00fcr soll die Philharmonie am Gasteig saniert werden.<\/span><\/p>\n<p><span style=\"font-family: arial,helvetica,sans-serif; font-size: small;\"><strong>03.02.2015 &#8212; Der M\u00fcnchner Oberb\u00fcrgermeister Dieter Reiter und der bayerische Ministerpr\u00e4sident Horst Seehofer haben nach einem Gespr\u00e4ch am Montag verk\u00fcndet, dass M\u00fcnchen keinen neuen Konzertsaal erhalten wird. Daf\u00fcr soll die Philharmonie am Gasteig saniert werden.<\/strong><\/span><\/p>\n<p><span style=\"font-family: arial,helvetica,sans-serif; font-size: small;\">\u00a0<\/span><\/p>\n<p><span style=\"font-family: arial,helvetica,sans-serif; font-size: small;\">Der Saal der Philharmonie am Gasteig soll komplett umgebaut werden. Abgerissen wird die Philharmonie aber nicht. Der Freistaat Bayern und die Stadt M\u00fcnchen wollen das Projekt gemeinsam finanzieren. Als Baubeginn wird laut einer Mitteilung auf dem offiziellen Stadtportal M\u00fcnchens das Jahr 2020 angestrebt, die Bauzeit soll ungef\u00e4hr zwei Jahre dauern. Es gab auch die \u00dcberlegung, einen neuen Konzertsaal an einem anderen Standort zu bauen. So wurden beispielsweise bereits Entw\u00fcrfe f\u00fcr das Neue Odeon vorgestellt, eine Spielst\u00e4tte, die in der N\u00e4he des Odeonsplatzes am Finanzgarten h\u00e4tte gebaut werden sollen.<\/span><\/p>\n<p><span style=\"font-family: arial,helvetica,sans-serif; font-size: small;\">\u00a0<\/span><\/p>\n<p><span style=\"font-family: arial,helvetica,sans-serif; font-size: small;\">Scharf kritisiert wird die Entscheidung von\u00a0Ulrich Wilhelm, dem Intendanten des Bayerischen Rundfunks. Er erkl\u00e4rt in einer Aussendung, die Entscheidung sei \u00abein schwerer Schlag f\u00fcr die weltweit ber\u00fchmte Orchesterkultur Bayerns\u00bb. Bereits\u00a0 heute gebe es zu wenig Kapazit\u00e4t f\u00fcr grosse Orchestermusik in M\u00fcnchen, die Umbauzeit werde eine zus\u00e4tzliche L\u00fccke ins Konzertleben reissen. Die Klangk\u00f6rper des Bayerischen Rundfunks w\u00fcrden dadurch in ihren Entwicklungsm\u00f6glichkeiten genauso geschw\u00e4cht, wie alle anderen Orchester und privaten Veranstalter. <em>(cf)<\/em><\/span><\/p>\n<p><span style=\"font-family: arial,helvetica,sans-serif; font-size: small;\">\u00a0<\/span><\/p>\n<p>\u00a0<\/p>\n","protected":false},"excerpt":{"rendered":"<p><span style=\"font-family: arial,helvetica,sans-serif; font-size: small;\">03.02.2015 &#8212; Der M\u00fcnchner Oberb\u00fcrgermeister Dieter Reiter und der bayerische Ministerpr\u00e4sident Horst Seehofer haben nach einem Gespr\u00e4ch am Montag verk\u00fcndet, dass M\u00fcnchen keinen neuen Konzertsaal erhalten wird. Daf\u00fcr soll die Philharmonie am Gasteig saniert werden.<\/span><\/p>\n","protected":false},"author":1,"featured_media":0,"comment_status":"open","ping_status":"open","sticky":false,"template":"","format":"standard","meta":{"footnotes":""},"categories":[2],"tags":[],"class_list":["post-2076","post","type-post","status-publish","format-standard","hentry","category-nachrichten","entry"],"_links":{"self":[{"href":"https:\/\/codexflores.ch\/index.php\/wp-json\/wp\/v2\/posts\/2076","targetHints":{"allow":["GET"]}}],"collection":[{"href":"https:\/\/codexflores.ch\/index.php\/wp-json\/wp\/v2\/posts"}],"about":[{"href":"https:\/\/codexflores.ch\/index.php\/wp-json\/wp\/v2\/types\/post"}],"author":[{"embeddable":true,"href":"https:\/\/codexflores.ch\/index.php\/wp-json\/wp\/v2\/users\/1"}],"replies":[{"embeddable":true,"href":"https:\/\/codexflores.ch\/index.php\/wp-json\/wp\/v2\/comments?post=2076"}],"version-history":[{"count":0,"href":"https:\/\/codexflores.ch\/index.php\/wp-json\/wp\/v2\/posts\/2076\/revisions"}],"wp:attachment":[{"href":"https:\/\/codexflores.ch\/index.php\/wp-json\/wp\/v2\/media?parent=2076"}],"wp:term":[{"taxonomy":"category","embeddable":true,"href":"https:\/\/codexflores.ch\/index.php\/wp-json\/wp\/v2\/categories?post=2076"},{"taxonomy":"post_tag","embeddable":true,"href":"https:\/\/codexflores.ch\/index.php\/wp-json\/wp\/v2\/tags?post=2076"}],"curies":[{"name":"wp","href":"https:\/\/api.w.org\/{rel}","templated":true}]}}