{"id":2082,"date":"2015-02-06T07:00:52","date_gmt":"2015-02-06T07:00:52","guid":{"rendered":"https:\/\/codexflores.ch\/index.php\/2015\/02\/06\/lucerne-festival-feiert-pierre-boulez\/"},"modified":"2015-02-06T07:00:52","modified_gmt":"2015-02-06T07:00:52","slug":"lucerne-festival-feiert-pierre-boulez","status":"publish","type":"post","link":"https:\/\/codexflores.ch\/index.php\/2015\/02\/06\/lucerne-festival-feiert-pierre-boulez\/","title":{"rendered":"Lucerne Festival feiert Pierre Boulez"},"content":{"rendered":"<p><span style=\"font-size: small; font-family: arial,helvetica,sans-serif;\">06.02.2015 &#8212; Mit einem Konzertmarathon begeht Lucerne Festival im Rahmen des Sommer-Festivals am 23. August den 90. Geburtstag von Pierre Boulez, dem Gr\u00fcnder und K\u00fcnstlerischen Leiter der\u00a0Lucerne Festival Academy.<\/span><\/p>\n<p><span style=\"font-family: arial,helvetica,sans-serif; font-size: small;\"><strong>06.02.2015 &#8212; Mit einem Konzertmarathon begeht Lucerne Festival im Rahmen des Sommer-Festivals am 23. August den 90. Geburtstag von Pierre Boulez, dem Gr\u00fcnder und K\u00fcnstlerischen Leiter der\u00a0Lucerne Festival Academy.<\/strong><\/span><\/p>\n<p><span style=\"font-size: small; font-family: arial,helvetica,sans-serif;\">\u00a0<\/span><\/p>\n<p><span style=\"font-size: small; font-family: arial,helvetica,sans-serif;\">Studierende der\u00a0Lucerne Festival Academy und Mitglieder des Ensemble intercontemporain geben insgesamt 11 Konzerte als \u00abBoulez-Hommages\u00bb in den S\u00e4len des KKL Luzern, mit Klassikern des Jubilars und insgesamt acht Urauff\u00fchrungen: Die Komponisten Heinz Holliger, Gy\u00f6rgy Kurt\u00e1g, Tod Machover, Christian Mason, Matthias Pintscher und Wolfgang Rihm steuern neue Werke bei, die von\u00a0Lucerne Festival in Auftrag gegeben wurden.\u00a0 Von Samy Moussa und Piotr Peszat erklingen die Urauff\u00fchrungen der <em>Roche Young Commissions<\/em>. <\/span><\/p>\n<p><span style=\"font-size: small; font-family: arial,helvetica,sans-serif;\">\u00a0<\/span><\/p>\n<p><span style=\"font-size: small; font-family: arial,helvetica,sans-serif;\">Pierre Boulez wird am 26. M\u00e4rz 90 Jahre alt \u2013 2004 gr\u00fcndete er mit Intendant Michael Haefliger die Lucerne Festival Academy, eine Schmiede f\u00fcr Orchestermusiker, Komponisten und Dirigenten im Bereich der Musik des 20. und 21. Jahrhunderts und seit Jahren eine der wichtigsten S\u00e4ulen des Festivals. <em>(cf)<\/em> <\/span><\/p>\n<p>\u00a0<\/p>\n","protected":false},"excerpt":{"rendered":"<p><span style=\"font-size: small; font-family: arial,helvetica,sans-serif;\">06.02.2015 &#8212; Mit einem Konzertmarathon begeht Lucerne Festival im Rahmen des Sommer-Festivals am 23. August den 90. Geburtstag von Pierre Boulez, dem Gr\u00fcnder und K\u00fcnstlerischen Leiter der\u00a0Lucerne Festival Academy.<\/span><\/p>\n","protected":false},"author":1,"featured_media":0,"comment_status":"open","ping_status":"open","sticky":false,"template":"","format":"standard","meta":{"footnotes":""},"categories":[2],"tags":[],"class_list":["post-2082","post","type-post","status-publish","format-standard","hentry","category-nachrichten","entry"],"_links":{"self":[{"href":"https:\/\/codexflores.ch\/index.php\/wp-json\/wp\/v2\/posts\/2082","targetHints":{"allow":["GET"]}}],"collection":[{"href":"https:\/\/codexflores.ch\/index.php\/wp-json\/wp\/v2\/posts"}],"about":[{"href":"https:\/\/codexflores.ch\/index.php\/wp-json\/wp\/v2\/types\/post"}],"author":[{"embeddable":true,"href":"https:\/\/codexflores.ch\/index.php\/wp-json\/wp\/v2\/users\/1"}],"replies":[{"embeddable":true,"href":"https:\/\/codexflores.ch\/index.php\/wp-json\/wp\/v2\/comments?post=2082"}],"version-history":[{"count":0,"href":"https:\/\/codexflores.ch\/index.php\/wp-json\/wp\/v2\/posts\/2082\/revisions"}],"wp:attachment":[{"href":"https:\/\/codexflores.ch\/index.php\/wp-json\/wp\/v2\/media?parent=2082"}],"wp:term":[{"taxonomy":"category","embeddable":true,"href":"https:\/\/codexflores.ch\/index.php\/wp-json\/wp\/v2\/categories?post=2082"},{"taxonomy":"post_tag","embeddable":true,"href":"https:\/\/codexflores.ch\/index.php\/wp-json\/wp\/v2\/tags?post=2082"}],"curies":[{"name":"wp","href":"https:\/\/api.w.org\/{rel}","templated":true}]}}