{"id":2083,"date":"2015-02-06T07:22:17","date_gmt":"2015-02-06T07:22:17","guid":{"rendered":"https:\/\/codexflores.ch\/index.php\/2015\/02\/06\/thomas-quasthoff-debuetiert-in-verbier-als-dirigent\/"},"modified":"2015-02-06T07:22:17","modified_gmt":"2015-02-06T07:22:17","slug":"thomas-quasthoff-debuetiert-in-verbier-als-dirigent","status":"publish","type":"post","link":"https:\/\/codexflores.ch\/index.php\/2015\/02\/06\/thomas-quasthoff-debuetiert-in-verbier-als-dirigent\/","title":{"rendered":"Thomas Quasthoff deb\u00fctiert in Verbier als Dirigent"},"content":{"rendered":"<p><span style=\"font-family: arial,helvetica,sans-serif; font-size: small;\"><span class=\"cs534E6463\">06.02.2015 &#8212; <span class=\"csB89BF180\">Thomas Quasthoff<\/span>, der sich als S\u00e4nger von der B\u00fchne zur\u00fcckgezogen hat, deb\u00fctiert am Verbier Festival als Dirigent\u00a0\u2013 mit <span class=\"cs534E6463\">Bachs <em>Matth\u00e4us-Passion<\/em>, die im Rahmen des Walliser Festivals z<\/span>um ersten Mal \u00fcberhaupt dargeboten wird.<\/span><\/span><\/p>\n<p><span style=\"font-family: arial,helvetica,sans-serif; font-size: small;\"><strong><span class=\"cs534E6463\">06.02.2015 &#8212; <span class=\"csB89BF180\">Thomas Quasthoff<\/span>, der sich als S\u00e4nger von der B\u00fchne zur\u00fcckgezogen hat, deb\u00fctiert am Verbier Festival als Dirigent <span style=\"font-family: arial,helvetica,sans-serif; font-size: small;\"><span class=\"cs534E6463\">\u2013 <\/span><\/span>mit <span class=\"cs534E6463\">Bachs <em>Matth\u00e4us-Passion<\/em>, die im Rahmen des Walliser Festivals z<\/span>um ersten Mal \u00fcberhaupt dargeboten wird.<\/span><\/strong><\/span><\/p>\n<p><span style=\"font-family: arial,helvetica,sans-serif; font-size: small;\"><span class=\"cs534E6463\">\u00a0<\/span><\/span><\/p>\n<p><span style=\"font-family: arial,helvetica,sans-serif; font-size: small;\"><span class=\"cs534E6463\">Der deutsche Bassbariton Thomas Quasthoff hatte 2012 mitgeteilt, dass er seinen Abschied von der Konzertb\u00fchne nimmt und seine beinahe vierzig Jahre dauernde Karriere als S\u00e4nger beendet.\u00a0Er unterrichtet weiterhin an der Hochschule f\u00fcr Musik \u00abHanns Eisler\u00bb in Berlin sowie bei internationalen Meisterkursen. <br \/><\/span><\/span><\/p>\n<p><span style=\"font-family: arial,helvetica,sans-serif; font-size: small;\"><span class=\"cs534E6463\">\u00a0<\/span><\/span><\/p>\n<p><span style=\"font-family: arial,helvetica,sans-serif; font-size: small;\">Die Er\u00f6ffnung des Verbier Festivals bestreitet James Levine, der damit nach acht Jahren erstmals wieder in Europa dirigiert. <span class=\"cs534E6463\">Levine\u00a0 ist Ehrendirigent des Verbier Festival Orchestra (VFO). Zu h\u00f6ren sein wird das VFO \u00fcberdies unter Zubin Mehta, Valery Gergiev, Manfred Honeck, Gianandrea Noseda und Charles Dutoit <\/span><em>(cf)<\/em><\/span><\/p>\n","protected":false},"excerpt":{"rendered":"<p><span style=\"font-family: arial,helvetica,sans-serif; font-size: small;\"><span class=\"cs534E6463\">06.02.2015 &#8212; <span class=\"csB89BF180\">Thomas Quasthoff<\/span>, der sich als S\u00e4nger von der B\u00fchne zur\u00fcckgezogen hat, deb\u00fctiert am Verbier Festival als Dirigent\u00a0\u2013 mit <span class=\"cs534E6463\">Bachs <em>Matth\u00e4us-Passion<\/em>, die im Rahmen des Walliser Festivals z<\/span>um ersten Mal \u00fcberhaupt dargeboten wird.<\/span><\/span><\/p>\n","protected":false},"author":1,"featured_media":0,"comment_status":"open","ping_status":"open","sticky":false,"template":"","format":"standard","meta":{"footnotes":""},"categories":[2],"tags":[],"class_list":["post-2083","post","type-post","status-publish","format-standard","hentry","category-nachrichten","entry"],"_links":{"self":[{"href":"https:\/\/codexflores.ch\/index.php\/wp-json\/wp\/v2\/posts\/2083","targetHints":{"allow":["GET"]}}],"collection":[{"href":"https:\/\/codexflores.ch\/index.php\/wp-json\/wp\/v2\/posts"}],"about":[{"href":"https:\/\/codexflores.ch\/index.php\/wp-json\/wp\/v2\/types\/post"}],"author":[{"embeddable":true,"href":"https:\/\/codexflores.ch\/index.php\/wp-json\/wp\/v2\/users\/1"}],"replies":[{"embeddable":true,"href":"https:\/\/codexflores.ch\/index.php\/wp-json\/wp\/v2\/comments?post=2083"}],"version-history":[{"count":0,"href":"https:\/\/codexflores.ch\/index.php\/wp-json\/wp\/v2\/posts\/2083\/revisions"}],"wp:attachment":[{"href":"https:\/\/codexflores.ch\/index.php\/wp-json\/wp\/v2\/media?parent=2083"}],"wp:term":[{"taxonomy":"category","embeddable":true,"href":"https:\/\/codexflores.ch\/index.php\/wp-json\/wp\/v2\/categories?post=2083"},{"taxonomy":"post_tag","embeddable":true,"href":"https:\/\/codexflores.ch\/index.php\/wp-json\/wp\/v2\/tags?post=2083"}],"curies":[{"name":"wp","href":"https:\/\/api.w.org\/{rel}","templated":true}]}}