{"id":2084,"date":"2015-02-09T06:59:41","date_gmt":"2015-02-09T06:59:41","guid":{"rendered":"https:\/\/codexflores.ch\/index.php\/2015\/02\/09\/pereira-kaempft-um-1-mai-auffuehrung\/"},"modified":"2015-02-09T06:59:41","modified_gmt":"2015-02-09T06:59:41","slug":"pereira-kaempft-um-1-mai-auffuehrung","status":"publish","type":"post","link":"https:\/\/codexflores.ch\/index.php\/2015\/02\/09\/pereira-kaempft-um-1-mai-auffuehrung\/","title":{"rendered":"Pereira k\u00e4mpft um 1-Mai-Auff\u00fchrung"},"content":{"rendered":"<p><span style=\"font-family: arial,helvetica,sans-serif; font-size: small;\">09.02.2015 &#8212; Gar keine Freude an der Er\u00f6ffnungsfeier zur Mail\u00e4nder Weltausstellung an der Scala hat der italienische Gewerkschaftsverband CGIL. Die vorgesehene\u00a0<em>Turandot<\/em>-Auff\u00fchrung soll n\u00e4mlich am 1. Mai stattfinden, an dem nicht gearbeitet werden d\u00fcrfe. Das geht selbst dem linken Mail\u00e4nder B\u00fcrgermeister zu weit.<\/span><\/p>\n<p><span style=\"font-family: arial,helvetica,sans-serif; font-size: small;\"><strong>09.02.2015 &#8212; Gar keine Freude an der Er\u00f6ffnungsfeier zur Mail\u00e4nder Weltausstellung an der Scala hat der italienische Gewerkschaftsverband CGIL.\u00a0<span style=\"font-family: arial,helvetica,sans-serif; font-size: small;\">Die vorgesehene\u00a0<em>Turandot<\/em>-Auff\u00fchrung<\/span> soll n\u00e4mlich am 1. Mai stattfinden, an dem nicht gearbeitet werden d\u00fcrfe. Das geht selbst dem linken Mail\u00e4nder B\u00fcrgermeister zu weit.<\/strong><\/span><\/p>\n<p>\u00a0<\/p>\n<p><span style=\"font-family: arial,helvetica,sans-serif; font-size: small;\">CGIL droht, die Auff\u00fchrung zu boykottieren, was der vom fr\u00fcheren Z\u00fcrcher Opernhauschef Alexander Pereira geleiteten Scala schweren Reputationsschaden zuf\u00fcgen w\u00fcrde. Pereira hat die Gewerkschaften deshalb schon vor Wochen schriftlich um ihre Bereitschaft gebeten, am 1. Mai zu arbeiten.<\/span><\/p>\n<p>\u00a0<\/p>\n<p><span style=\"font-family: arial,helvetica,sans-serif; font-size: small;\">Laut lokalen Presseberichten stellen sich nun auch Italiens Premierminister Matteo Renzi und der linke Mail\u00e4nder B\u00fcrgermeister Giuliano Pisapia, der auch Pr\u00e4sident des Theaters ist, hinter Pereira. Der Erfolg der Expo werde neue Jobs in Mailand schaffen, kommentierte Pisapia. CGIL stellt sich aber nach wie vor auf den Standpunkt, die Auff\u00fchrung vom 1. Mai verstosse gegen das gesetzliche verankerte Recht, am Tag der Arbeit nicht zu arbeiten. Affaire \u00e0 suivre. <em>(cf)<\/em><\/span><\/p>\n<p>\u00a0<\/p>\n","protected":false},"excerpt":{"rendered":"<p><span style=\"font-family: arial,helvetica,sans-serif; font-size: small;\">09.02.2015 &#8212; Gar keine Freude an der Er\u00f6ffnungsfeier zur Mail\u00e4nder Weltausstellung an der Scala hat der italienische Gewerkschaftsverband CGIL. Die vorgesehene\u00a0<em>Turandot<\/em>-Auff\u00fchrung soll n\u00e4mlich am 1. Mai stattfinden, an dem nicht gearbeitet werden d\u00fcrfe. Das geht selbst dem linken Mail\u00e4nder B\u00fcrgermeister zu weit.<\/span><\/p>\n","protected":false},"author":1,"featured_media":0,"comment_status":"open","ping_status":"open","sticky":false,"template":"","format":"standard","meta":{"footnotes":""},"categories":[2],"tags":[],"class_list":["post-2084","post","type-post","status-publish","format-standard","hentry","category-nachrichten","entry"],"_links":{"self":[{"href":"https:\/\/codexflores.ch\/index.php\/wp-json\/wp\/v2\/posts\/2084","targetHints":{"allow":["GET"]}}],"collection":[{"href":"https:\/\/codexflores.ch\/index.php\/wp-json\/wp\/v2\/posts"}],"about":[{"href":"https:\/\/codexflores.ch\/index.php\/wp-json\/wp\/v2\/types\/post"}],"author":[{"embeddable":true,"href":"https:\/\/codexflores.ch\/index.php\/wp-json\/wp\/v2\/users\/1"}],"replies":[{"embeddable":true,"href":"https:\/\/codexflores.ch\/index.php\/wp-json\/wp\/v2\/comments?post=2084"}],"version-history":[{"count":0,"href":"https:\/\/codexflores.ch\/index.php\/wp-json\/wp\/v2\/posts\/2084\/revisions"}],"wp:attachment":[{"href":"https:\/\/codexflores.ch\/index.php\/wp-json\/wp\/v2\/media?parent=2084"}],"wp:term":[{"taxonomy":"category","embeddable":true,"href":"https:\/\/codexflores.ch\/index.php\/wp-json\/wp\/v2\/categories?post=2084"},{"taxonomy":"post_tag","embeddable":true,"href":"https:\/\/codexflores.ch\/index.php\/wp-json\/wp\/v2\/tags?post=2084"}],"curies":[{"name":"wp","href":"https:\/\/api.w.org\/{rel}","templated":true}]}}