{"id":2090,"date":"2015-02-10T10:25:58","date_gmt":"2015-02-10T10:25:58","guid":{"rendered":"https:\/\/codexflores.ch\/index.php\/2015\/02\/10\/neue-zeitschrift-fuer-musik-1-2015\/"},"modified":"2015-02-10T10:25:58","modified_gmt":"2015-02-10T10:25:58","slug":"neue-zeitschrift-fuer-musik-1-2015","status":"publish","type":"post","link":"https:\/\/codexflores.ch\/index.php\/2015\/02\/10\/neue-zeitschrift-fuer-musik-1-2015\/","title":{"rendered":"Neue Zeitschrift f\u00fcr Musik 1_2015"},"content":{"rendered":"<p><span style=\"font-size: medium;\"><strong><img loading=\"lazy\" decoding=\"async\" src=\"images\/zeitschriften_covers\/2015\/150210nzfm.jpg\" border=\"0\" alt=\"Cover Zeitschrift\" width=\"100\" height=\"142\" style=\"float: left; margin: 8px;\" \/>Georg Katzer<\/strong><\/span><\/p>\n<p>\u00a0<\/p>\n<div class=\"article\">\n<p class=\"borderBottom\"><strong>Gespr\u00e4ch<\/strong><\/p>\n<p> <span class=\"articleTextSmall\">Wieschollek, Dirk<\/span> <br \/> <a class=\"articleTextBold\" href=\"http:\/\/www.musikderzeit.de\/de_DE\/journal\/showarticle,38736.html\"> Wiedereroberung der Zeit <\/a> <br \/> <span class=\"articleText\">Berno Odo Polzer ist neuer k\u00fcnstlerischer Leiter der Berliner MaerzMusik<\/span>  <\/p>\n<div class=\"articleTextSmall\" style=\"margin: 4px 0 0 0;\">\u00a0<\/div>\n<\/p><\/div>\n<div class=\"article\">\n<p class=\"borderBottom\"><strong><br \/>Nachruf<\/strong><\/p>\n<p> <span class=\"articleTextSmall\">K\u00fcnzig, Bernd<\/span> <br \/> <a class=\"articleTextBold\" href=\"http:\/\/www.musikderzeit.de\/de_DE\/journal\/showarticle,38965.html\"> Ein Humanist des Neuen <\/a> <br \/> <span class=\"articleText\">Zum Tod von Armin K\u00f6hler<\/span><\/div>\n<div class=\"article\">\n<p class=\"borderBottom\"><strong><br \/>Thema<\/strong><\/p>\n<p> <span class=\"articleTextSmall\">Amzoll, Stefan<\/span> <br \/> <a class=\"articleTextBold\" href=\"http:\/\/www.musikderzeit.de\/de_DE\/journal\/showarticle,38737.html\"> Strukturelle Abges\u00e4nge <\/a> <br \/> <span class=\"articleText\">Zum 80. Geburtstag des Komponisten Georg Katzer<\/span><\/div>\n<div class=\"article\"><span class=\"articleTextSmall\">Amzoll, Stefan<\/span> <br \/> <a class=\"articleTextBold\" href=\"http:\/\/www.musikderzeit.de\/de_DE\/journal\/showarticle,38966.html\"> Ordnungen aufbauen und zerfallen lassen <\/a> <br \/> <span class=\"articleText\">Georg Katzer im Gespr\u00e4ch<\/span><\/div>\n<div class=\"article\"><span class=\"articleTextSmall\">M\u00fcller, Gerhard<\/span> <br \/> <a class=\"articleTextBold\" href=\"http:\/\/www.musikderzeit.de\/de_DE\/journal\/showarticle,38739.html\"> Karnevalismus als Methode <\/a> <br \/> <span class=\"articleText\">Zur Entstehung der beiden Katzer-Opern \u00abGastmahl\u00bb und \u00abAntigone oder Die Stadt\u00bb<\/span><\/div>\n<div class=\"article\"><span class=\"articleTextSmall\">Hiller, Egbert<\/span> <br \/> <a class=\"articleTextBold\" href=\"http:\/\/www.musikderzeit.de\/de_DE\/journal\/showarticle,38738.html\"> Bew\u00e4ltigung von Gegenwart <\/a> <br \/> <span class=\"articleText\">Georg Katzers \u00abinstrumentales Theater\u00bb am Beispiel der \u00abSzene f\u00fcr Kammerensemble\u00bb<\/span><\/div>\n<div class=\"article\"><span class=\"articleTextSmall\">K\u00e4mpfer, Frank<\/span> <br \/> <a class=\"articleTextBold\" href=\"http:\/\/www.musikderzeit.de\/de_DE\/journal\/showarticle,38741.html\"> Band stop, Prost Georg! <\/a> <br \/> <span class=\"articleText\">Im Dialog mit Georg Katzer \u2013 anfangs dank einer Tonaufnahme ungeschn\u00f6rkelten Katzer-Gesangs<\/span><\/div>\n<div class=\"article\"><span class=\"articleTextSmall\">Dorfm\u00fcller, Ingo<\/span> <br \/> <a class=\"articleTextBold\" href=\"http:\/\/www.musikderzeit.de\/de_DE\/journal\/showarticle,38740.html\"> Verschwunden im Rauschen <\/a> <br \/> <span class=\"articleText\">Georg Katzers Orchesterst\u00fcck \u00ab\u2026die Leier drehn\u2026\u00bb erz\u00e4hlt vom Ende einer Utopie<\/span><\/div>\n<div class=\"article\"><span class=\"articleTextSmall\">Frisius, Rudolf<\/span> <br \/> <a class=\"articleTextBold\" href=\"http:\/\/www.musikderzeit.de\/de_DE\/journal\/showarticle,38742.html\"> Komponierte Zeitgeschichte <\/a> <br \/> <span class=\"articleText\">Mit seinen drei H\u00f6rst\u00fccken formt Georg Katzer eine Trilogie \u00fcber die Konfrontation von Kollektiv und Individuum<\/span><\/div>\n<div class=\"article\"><span class=\"articleTextSmall\">St\u00f6ck, Katrin<\/span> <br \/> <a class=\"articleTextBold\" href=\"http:\/\/www.musikderzeit.de\/de_DE\/journal\/showarticle,38743.html\"> Produktive Ironie <\/a> <br \/> <span class=\"articleText\">Georg Katzers Szenische Kammermusik \u00abDe musica\u00bb als postdramatisches Theater<\/span><\/div>\n<div class=\"article\">\n<p class=\"borderBottom\"><strong><br \/>Portr\u00e4t<\/strong><\/p>\n<p> <span class=\"articleTextSmall\">Nofze, Mathias<\/span> <br \/> <a class=\"articleTextBold\" href=\"http:\/\/www.musikderzeit.de\/de_DE\/journal\/showarticle,38750.html\"> Von der Idee des Aufbruchs <\/a> <br \/> <span class=\"articleText\">Die Werke des jungen franz\u00f6sischen Komponisten Pierre-Yves Mac\u00e9 m\u00e4andern zwischen Studio und Konzertsaal<\/span><\/div>\n<div class=\"article\"><span class=\"articleTextSmall\">Meyer, Thomas<\/span> <br \/> <a class=\"articleTextBold\" href=\"http:\/\/www.musikderzeit.de\/de_DE\/journal\/showarticle,38747.html\"> Ein Unisono von Komposition und Interpretation <\/a> <br \/> <span class=\"articleText\">Das Wet Ink Ensemble aus New York<\/span><\/div>\n<div class=\"article\">\n<p class=\"borderBottom\"><strong><br \/>Klangkunst<\/strong><\/p>\n<p> <span class=\"articleTextSmall\">K\u00f6sterke, Doris<\/span> <br \/> <a class=\"articleTextBold\" href=\"http:\/\/www.musikderzeit.de\/de_DE\/journal\/showarticle,38751.html\"> T\u00f6nendes Wasserwerk, tanzende Dampfmaschinen <\/a> <br \/> <span class=\"articleText\">\u00abKlangkunst trifft Industriekultur\u00bb im Rhein-Main-Gebiet<\/span><\/div>\n<div class=\"article\">\n<p class=\"borderBottom\"><strong><br \/>Gespr\u00e4ch<\/strong><\/p>\n<p> <span class=\"articleTextSmall\">Schr\u00f6der, Julia H.<\/span> <br \/> <a class=\"articleTextBold\" href=\"http:\/\/www.musikderzeit.de\/de_DE\/journal\/showarticle,38752.html\"> Unsch\u00e4rfen der Autorschaft <\/a> <br \/> <span class=\"articleText\">Ein Gespr\u00e4ch mit Zeena Parkins \u00fcber kompositorische Strategien und Walter Benjamins Schreibtechniken<\/span><\/div>\n<div class=\"article\">\n<p class=\"borderBottom\"><strong><br \/>Klangmomente<\/strong><\/p>\n<p> <span class=\"articleTextSmall\">Conen, Hermann<\/span> <br \/> <a class=\"articleTextBold\" href=\"http:\/\/www.musikderzeit.de\/de_DE\/journal\/showarticle,38748.html\"> Stockhausen und P\u00e4rt: Antipoden geistlicher Musik? <\/a><\/div>\n<div class=\"article\"><span class=\"articleTextSmall\">Hei\u00dfenb\u00fcttel, Dietrich<\/span> <br \/> <a class=\"articleTextBold\" href=\"http:\/\/www.musikderzeit.de\/de_DE\/journal\/showarticle,38746.html\"> Wurml\u00f6cher <\/a> <br \/> <span class=\"articleText\">Zwischen abstrakter Instrumentalimprovisation und seiner genialen Zeichenkunst findet Mazen Kerbaj kurze Verbindungen<\/span><\/div>\n<div class=\"article\">\n<p class=\"borderBottom\"><strong><br \/>Jazz<\/strong><\/p>\n<p> <span class=\"articleTextSmall\">Wagner, Christoph<\/span> <br \/> <a class=\"articleTextBold\" href=\"http:\/\/www.musikderzeit.de\/de_DE\/journal\/showarticle,38745.html\"> Der Stachel des Neuen <\/a> <br \/> <span class=\"articleText\">Der Jazzneuerer Eric Dolphy sp\u00fcrte den Noten zwischen den Noten nach \u2013 50 Jahre nach seinem fr\u00fchen Tod wird ihm von ehemaligen Weggef\u00e4hrten und neuen Bewunderern Tribut gezollt<\/span><\/div>\n<div class=\"article\">\n<p class=\"borderBottom\"><strong><br \/>Bericht<\/strong><\/p>\n<p> <span class=\"articleTextSmall\">Rebhahn, Michael<\/span> <br \/> <a class=\"articleTextBold\" href=\"http:\/\/www.musikderzeit.de\/de_DE\/journal\/showarticle,38757.html\"> Basilikum in der Proteinkirche <\/a> <br \/> <span class=\"articleText\">Jennifer Walshe und die Ulrichs beim Er\u00f6ffnungswochenende des Kopenhagener Festivals \u00abWundergrund\u00bb<\/span><\/div>\n<div class=\"article\"><span class=\"articleTextSmall\">Nonnenmann, Rainer<\/span> <br \/> <a class=\"articleTextBold\" href=\"http:\/\/www.musikderzeit.de\/de_DE\/journal\/showarticle,38755.html\"> Audio und Video <\/a> <br \/> <span class=\"articleText\">Die zehnte Ausgabe des Festivals \u00abpiano+\u00bb am ZKM Karlsruhe<\/span><\/div>\n<div class=\"article\"><span class=\"articleTextSmall\">Wieschollek, Dirk<\/span> <br \/> <a class=\"articleTextBold\" href=\"http:\/\/www.musikderzeit.de\/de_DE\/journal\/showarticle,38753.html\"> Sch\u00f6ngeist im Stahlgewitter <\/a> <br \/> <span class=\"articleText\">Das Theater Erfurt bringt \u00abDas schwarze Blut\u00bb von Fran\u00e7ois Fayt zur Urauff\u00fchrung<\/span><\/div>\n<div class=\"article\"><span class=\"articleTextSmall\">Maierhofer-Lischka, Margarete<\/span> <br \/> <a class=\"articleTextBold\" href=\"http:\/\/www.musikderzeit.de\/de_DE\/journal\/showarticle,38759.html\"> Vielstimmige Diskussionen <\/a> <br \/> <span class=\"articleText\">Das interdisziplin\u00e4re Symposium \u00abPerforming Voice\u00bb in Bern und Basel<\/span><\/div>\n<div class=\"article\"><span class=\"articleTextSmall\">Schwind, Elisabeth<\/span> <br \/> <a class=\"articleTextBold\" href=\"http:\/\/www.musikderzeit.de\/de_DE\/journal\/showarticle,38758.html\"> Abtasten des Alltags <\/a> <br \/> <span class=\"articleText\">Carola Bauckholt bei den Weingartener Tagen f\u00fcr Neue Musik<\/span><\/div>\n<div class=\"article\"><span class=\"articleTextSmall\">Nofze, Mathias<\/span> <br \/> <a class=\"articleTextBold\" href=\"http:\/\/www.musikderzeit.de\/de_DE\/journal\/showarticle,38756.html\"> Zeichne mir ein Schaf! <\/a> <br \/> <span class=\"articleText\">Micha\u00ebl Levinas&#8216; \u00abLe Petit Prince\u00bb an der Op\u00e9ra de Lille<\/span><\/div>\n<div class=\"article\"><span class=\"articleTextSmall\">Reineke, Lisa<\/span> <br \/> <a class=\"articleTextBold\" href=\"http:\/\/www.musikderzeit.de\/de_DE\/journal\/showarticle,38754.html\"> Im multimedialen Jetzt <\/a> <br \/> <span class=\"articleText\">Das Essener Festival \u00abNOW!\u00bb 2014<\/span><\/div>\n<div class=\"article\"><span class=\"articleTextSmall\">Mehner, Tatjana<\/span> <br \/> <a class=\"articleTextBold\" href=\"http:\/\/www.musikderzeit.de\/de_DE\/journal\/showarticle,38760.html\"> Neue Musik \u00fcberall in Sachsen-Anhalt <\/a> <br \/> <span class=\"articleText\">Gemeinsam mit Composer in Residence Helmut Oehring fragt das Impuls-Festival, was Heimat ist<\/span><\/div>\n<div class=\"article\">\n<p class=\"borderBottom\"><strong><br \/>DVDs<\/strong><\/p>\n<p> <span class=\"articleTextSmall\">Nyffeler, Max<\/span> <br \/> <a class=\"articleTextBold\" href=\"http:\/\/www.musikderzeit.de\/de_DE\/journal\/showarticle,38967.html\"> Die Kunst, Musikfilme zu machen <\/a> <br \/> <span class=\"articleText\">Werke von Rihm und Strawinsky und eine gro\u00dfe Menuhin-Dokumentation<\/span><\/div>\n<div class=\"article\"><span class=\"articleText\">\u00a0<\/span><\/div>\n<div class=\"article\"><span class=\"articleTextSmall\">Rihm, Wolfgang<\/span> <br \/> <a class=\"articleTextBold\" href=\"http:\/\/www.musikderzeit.de\/de_DE\/journal\/showarticle,38968.html\"> Oedipus <\/a> <br \/> <span class=\"articleText\">Deutsche Oper Berlin 1987<\/span><\/div>\n<div class=\"article\"><span class=\"articleTextSmall\">Strawinsky, Igor<\/span> <br \/> <a class=\"articleTextBold\" href=\"http:\/\/www.musikderzeit.de\/de_DE\/journal\/showarticle,38969.html\"> L&#8216; histoire du soldat <\/a> <br \/> <span class=\"articleText\">Choreografie von Jiri Kili\u00e1n, Nederlands Dans Theater 1988<\/span><\/div>\n<div class=\"article\"><a class=\"articleTextBold\" href=\"http:\/\/www.musikderzeit.de\/de_DE\/journal\/showarticle,38971.html\"> Yehudi Menuhin <\/a> <br \/> <span class=\"articleText\">Bruno Monsaingeon Edition, Volume 2 | Gespr\u00e4che, Musikaufnahmen und Dokumentationsmaterial, aufgenommen 1979\u20131996<\/span><\/div>\n<div class=\"article\"> <\/p>\n<p class=\"borderBottom\"><strong><br \/>CDs<\/strong><\/p>\n<p> <span class=\"articleTextSmall\">Furrer, Beat<\/span> <br \/> <a class=\"articleTextBold\" href=\"http:\/\/www.musikderzeit.de\/de_DE\/journal\/showarticle,38972.html\"> W\u00fcstenbuch | ira-arca | Lied | Aer <\/a><\/div>\n<div class=\"article\"><span class=\"articleTextSmall\">Davies, Peter Maxwell <\/span> <br \/> <a class=\"articleTextBold\" href=\"http:\/\/www.musikderzeit.de\/de_DE\/journal\/showarticle,38973.html\"> Resurrection <\/a><\/div>\n<div class=\"article\"><span class=\"articleTextSmall\">Feldman, Morton<\/span> <br \/> <a class=\"articleTextBold\" href=\"http:\/\/www.musikderzeit.de\/de_DE\/journal\/showarticle,38974.html\"> Triadic Memories <\/a><\/div>\n<div class=\"article\"><span class=\"articleTextSmall\">Cage, John<\/span> <br \/> <a class=\"articleTextBold\" href=\"http:\/\/www.musikderzeit.de\/de_DE\/journal\/showarticle,38975.html\"> One7 | Four6 <\/a><\/div>\n<div class=\"article\"><span class=\"articleTextSmall\">Pettersson, Allan<\/span> <br \/> <a class=\"articleTextBold\" href=\"http:\/\/www.musikderzeit.de\/de_DE\/journal\/showarticle,38976.html\"> Symphonies Nos. 4 &amp; 16 <\/a><\/div>\n<div class=\"article\"><span class=\"articleTextSmall\">Zimmermann, Bernd Alois<\/span> <br \/> <a class=\"articleTextBold\" href=\"http:\/\/www.musikderzeit.de\/de_DE\/journal\/showarticle,38977.html\"> Alagoana | Sinfonie in einem Satz | Photoptosis | Stille und Umkehr <\/a><\/div>\n<div class=\"article\"><span class=\"articleTextSmall\">Donatoni, Franco<\/span> <br \/> <a class=\"articleTextBold\" href=\"http:\/\/www.musikderzeit.de\/de_DE\/journal\/showarticle,38978.html\"> Orchestral Works <\/a><\/div>\n<div class=\"article\"><a class=\"articleTextBold\" href=\"http:\/\/www.musikderzeit.de\/de_DE\/journal\/showarticle,38979.html\"> Travelling Pieces <\/a><\/div>\n<div class=\"article\"><a class=\"articleTextBold\" href=\"http:\/\/www.musikderzeit.de\/de_DE\/journal\/showarticle,38980.html\"> In Between <\/a> <br \/> <span class=\"articleText\">Werke von Georges Aperghis, Beat Furrer, Younghi Pagh-Paan, Franco Donatoni, Morton Feldman, M\u00e1rton Ill\u00e9s und Mark Andre<\/span><\/div>\n<div class=\"article\"><span class=\"articleTextSmall\">Pom\u00e0rico, Emilio<\/span> <br \/> <a class=\"articleTextBold\" href=\"http:\/\/www.musikderzeit.de\/de_DE\/journal\/showarticle,38981.html\"> Trios <\/a><\/div>\n<div class=\"article\"><span class=\"articleTextSmall\">Blondeau, Thierry \/ D&#8216; Adamo, Daniel<\/span> <br \/> <a class=\"articleTextBold\" href=\"http:\/\/www.musikderzeit.de\/de_DE\/journal\/showarticle,38982.html\"> Plier \u2013 D\u00e9plier <\/a><\/div>\n<div class=\"article\"><span class=\"articleTextSmall\">Corbett, Sidney <\/span> <br \/> <a class=\"articleTextBold\" href=\"http:\/\/www.musikderzeit.de\/de_DE\/journal\/showarticle,38983.html\"> The Longings <\/a><\/div>\n<div class=\"article\"><span class=\"articleTextSmall\">Hau\u00dfmann, Karin<\/span> <br \/> <a class=\"articleTextBold\" href=\"http:\/\/www.musikderzeit.de\/de_DE\/journal\/showarticle,38984.html\"> Works for Ensemble <\/a> <br \/> <span class=\"articleText\">Zwei S\u00e4tze f\u00fcr Klavier und Ensemble | a fuoco lento | con flessibilit\u00e0 f\u00fcr Orgel | Vier S\u00e4tze f\u00fcr Violoncello, Akkordeon und Ensemble | Quartett f\u00fcr Trompete, Fl\u00f6te, Cello und Klavier<\/span><\/div>\n<div class=\"article\"><a class=\"articleTextBold\" href=\"http:\/\/www.musikderzeit.de\/de_DE\/journal\/showarticle,38985.html\"> west coast soundings <\/a> <br \/> <span class=\"articleText\">Werke von Mark So, Michael Winter, Chris Kallmyer, Tashi Wada, James Tenney, Liam Mooney, Scott Cazan, Laura Steenberge, Catherine Lamb, Quentin Tolimieri, Casey Anderson und Michael Pisaro<\/span><\/div>\n<div class=\"article\"><span class=\"articleTextSmall\">Stiebler, Ernstalbrecht<\/span> <br \/> <a class=\"articleTextBold\" href=\"http:\/\/www.musikderzeit.de\/de_DE\/journal\/showarticle,38986.html\"> Mit der Zeit <\/a><\/div>\n<div class=\"article\"><a class=\"articleTextBold\" href=\"http:\/\/www.musikderzeit.de\/de_DE\/journal\/showarticle,38987.html\"> DEGEM CD 11: wandlungen unplump <\/a> <br \/> <span class=\"articleText\">Kuratiert von Michael Hoeldke<\/span><\/div>\n<div class=\"article\"><span class=\"articleTextSmall\">Eckhardt, John<\/span> <br \/> <a class=\"articleTextBold\" href=\"http:\/\/www.musikderzeit.de\/de_DE\/journal\/showarticle,38988.html\"> Forests <\/a> <br \/> <span class=\"articleText\">Polystyrol-Box mit Moos, Flechten, Rinde aus dem schwedischen Wald; USB-Stick aus Holz mit Audiodateien, Waldfotografien, Slideshow-App<\/span><\/div>\n<div class=\"article\"><span class=\"articleTextSmall\">Gamut Inc <\/span> <br \/> <a class=\"articleTextBold\" href=\"http:\/\/www.musikderzeit.de\/de_DE\/journal\/showarticle,38989.html\"> Ex Machina <\/a> <br \/> <span class=\"articleText\">Kompositionen f\u00fcr computergesteuerte Musikmaschinen<\/span><\/div>\n<div class=\"article\"> <\/p>\n<p class=\"borderBottom\"><strong><br \/>B\u00fccher<\/strong><\/p>\n<p> <span class=\"articleTextSmall\">Herzfeld-Schild, Marie Louise<\/span> <br \/> <a class=\"articleTextBold\" href=\"http:\/\/www.musikderzeit.de\/de_DE\/journal\/showarticle,38990.html\"> Antike Wurzeln bei Xenakis <\/a><\/div>\n<div class=\"article\"><span class=\"articleTextSmall\">Klein, Tobias Robert<\/span> <br \/> <a class=\"articleTextBold\" href=\"http:\/\/www.musikderzeit.de\/de_DE\/journal\/showarticle,38991.html\"> Alexander Zemlinsky \u2013 Steve Reich. Alternative Moderne(n) <\/a> <br \/> <span class=\"articleText\">\u00abAfrika\u00bb in der Kompositionskultur des 20. Jahrhunderts<\/span><\/div>\n<div class=\"article\"><span class=\"articleTextSmall\">Kontressowitz, Reiner<\/span> <br \/> <a class=\"articleTextBold\" href=\"http:\/\/www.musikderzeit.de\/de_DE\/journal\/showarticle,38992.html\"> F\u00fcnf Ann\u00e4herungen zu den Solokonzerten von Friedrich Goldmann <\/a><\/div>\n<div class=\"article\"><span class=\"articleTextSmall\">Hiekel, J\u00f6rn Peter \/ Lessing, Wolfgang (Hg.)<\/span> <br \/> <a class=\"articleTextBold\" href=\"http:\/\/www.musikderzeit.de\/de_DE\/journal\/showarticle,38993.html\"> Verk\u00f6rperungen der Musik <\/a> <br \/> <span class=\"articleText\">Interdisziplin\u00e4re Betrachtungen<\/span><\/div>\n<div class=\"article\"><span class=\"articleTextSmall\">Tadday, Ulrich (Hg.)<\/span> <br \/> <a class=\"articleTextBold\" href=\"http:\/\/www.musikderzeit.de\/de_DE\/journal\/showarticle,38994.html\"> J\u00f6rg Widmann <\/a> <br \/> <span class=\"articleText\">(= Musik-Konzepte 166)<\/span><\/div>\n<p><span class=\"articleTextSmall\">D\u00f6mling, Wolfgang<\/span> <br \/> <a class=\"articleTextBold\" href=\"http:\/\/www.musikderzeit.de\/de_DE\/journal\/showarticle,38995.html\"> Kunstpausen <\/a> <br \/> <span class=\"articleText\">Die T\u00f6ne und die Stille<\/span><\/p>\n","protected":false},"excerpt":{"rendered":"<p>Georg Katzer \u00a0 Gespr\u00e4ch Wieschollek, Dirk Wiedereroberung der Zeit Berno Odo Polzer ist neuer k\u00fcnstlerischer Leiter der Berliner MaerzMusik \u00a0&#8230;<\/p>\n","protected":false},"author":1,"featured_media":0,"comment_status":"open","ping_status":"open","sticky":false,"template":"","format":"standard","meta":{"footnotes":""},"categories":[10],"tags":[],"class_list":["post-2090","post","type-post","status-publish","format-standard","hentry","category-fachzeitschriften","entry"],"_links":{"self":[{"href":"https:\/\/codexflores.ch\/index.php\/wp-json\/wp\/v2\/posts\/2090","targetHints":{"allow":["GET"]}}],"collection":[{"href":"https:\/\/codexflores.ch\/index.php\/wp-json\/wp\/v2\/posts"}],"about":[{"href":"https:\/\/codexflores.ch\/index.php\/wp-json\/wp\/v2\/types\/post"}],"author":[{"embeddable":true,"href":"https:\/\/codexflores.ch\/index.php\/wp-json\/wp\/v2\/users\/1"}],"replies":[{"embeddable":true,"href":"https:\/\/codexflores.ch\/index.php\/wp-json\/wp\/v2\/comments?post=2090"}],"version-history":[{"count":0,"href":"https:\/\/codexflores.ch\/index.php\/wp-json\/wp\/v2\/posts\/2090\/revisions"}],"wp:attachment":[{"href":"https:\/\/codexflores.ch\/index.php\/wp-json\/wp\/v2\/media?parent=2090"}],"wp:term":[{"taxonomy":"category","embeddable":true,"href":"https:\/\/codexflores.ch\/index.php\/wp-json\/wp\/v2\/categories?post=2090"},{"taxonomy":"post_tag","embeddable":true,"href":"https:\/\/codexflores.ch\/index.php\/wp-json\/wp\/v2\/tags?post=2090"}],"curies":[{"name":"wp","href":"https:\/\/api.w.org\/{rel}","templated":true}]}}