{"id":2094,"date":"2015-02-11T07:41:19","date_gmt":"2015-02-11T07:41:19","guid":{"rendered":"https:\/\/codexflores.ch\/index.php\/2015\/02\/11\/kurtag-mit-premio-fundacion-bbva-geehrt\/"},"modified":"2015-02-11T07:41:19","modified_gmt":"2015-02-11T07:41:19","slug":"kurtag-mit-premio-fundacion-bbva-geehrt","status":"publish","type":"post","link":"https:\/\/codexflores.ch\/index.php\/2015\/02\/11\/kurtag-mit-premio-fundacion-bbva-geehrt\/","title":{"rendered":"Kurt\u00e1g mit Premio Fundaci\u00f3n BBVA geehrt"},"content":{"rendered":"<p><span style=\"font-family: arial,helvetica,sans-serif; font-size: small;\">11.02.2015 &#8212; Schlappe 400&#8217;00 Euro erh\u00e4lt der ungarische Komponist Gy\u00f6rgy Kurt\u00e1g mit dem entsprechend klangvollen \u00abPremio Fundaci\u00f3n BBVA Fronteras del Conocimiento en la categor\u00eda de m\u00fasica contempor\u00e1nea\u00bb.<\/span><\/p>\n<p>\u00a0<\/p>\n<p><span style=\"font-family: arial,helvetica,sans-serif; font-size: small;\"><strong>11.02.2015 &#8212; Schlappe 400&#8217;00 Euro erh\u00e4lt der ungarische Komponist Gy\u00f6rgy Kurt\u00e1g mit dem entsprechend klangvollen \u00abPremio Fundaci\u00f3n BBVA Fronteras del Conocimiento en la categor\u00eda de m\u00fasica contempor\u00e1nea\u00bb.<\/strong><\/span><\/p>\n<p><span style=\"font-family: arial,helvetica,sans-serif; font-size: small;\">\u00a0<\/span><\/p>\n<p><span style=\"font-family: arial,helvetica,sans-serif; font-size: small;\">Gy\u00f6rgy Kurt\u00e1g gilt als einer der bedeutendsten zeitgen\u00f6ssischen ungarischen Komponisten. Er graduierte zun\u00e4chst in den F\u00e4chern Klavier und Kammermusik, um 1955 schliesslich auch ein Kompositionsstudium abzuschliessen. 1957 ging er f\u00fcr ein Jahr nach Paris, wo er in Kompositionskursen bei Darius Milhaud und Olivier Messiaen sowie bei der Begegnung mit der Psychologin Marianne Stein nachhaltige Eindr\u00fccke sammelte. 1971 verbrachte er als Stipendiat des DAAD ein Jahr in Berlin. Bis zu seinem Ruhestand 1986 war er Professor an der Budapester Musikakademie. \u00a0<\/span><\/p>\n<p><span style=\"font-family: arial,helvetica,sans-serif; font-size: small;\">\u00a0<\/span><\/p>\n<p><span style=\"font-family: arial,helvetica,sans-serif; font-size: small;\">Der spanische Premio Fundaci\u00f3n BBVA Fronteras del Conocimiento wird auch in den Kategorien wie Physik, Chemie oder Mathematik, Klimawandel, \u00d6kologie und Kommunikationstechnologien vergeben. Die Jury des Musikpreises bestand aus Philippe Alb\u00e8ra, Crist\u00f3bal Halffter, Martin Kaltenecker, Tilman Kuttenkeuler und Paolo Pinamonti. Sekret\u00e4r war Ranko Markovic, Leiter des Bachelor of Arts in Musik der ZHdK (Z\u00fcrcher Hochschule der K\u00fcnste). <em>(cf)<\/em><\/span><\/p>\n","protected":false},"excerpt":{"rendered":"<p><span style=\"font-family: arial,helvetica,sans-serif; font-size: small;\">11.02.2015 &#8212; Schlappe 400&#8217;00 Euro erh\u00e4lt der ungarische Komponist Gy\u00f6rgy Kurt\u00e1g mit dem entsprechend klangvollen \u00abPremio Fundaci\u00f3n BBVA Fronteras del Conocimiento en la categor\u00eda de m\u00fasica contempor\u00e1nea\u00bb.<\/span><\/p>\n","protected":false},"author":1,"featured_media":0,"comment_status":"open","ping_status":"open","sticky":false,"template":"","format":"standard","meta":{"footnotes":""},"categories":[2],"tags":[],"class_list":["post-2094","post","type-post","status-publish","format-standard","hentry","category-nachrichten","entry"],"_links":{"self":[{"href":"https:\/\/codexflores.ch\/index.php\/wp-json\/wp\/v2\/posts\/2094","targetHints":{"allow":["GET"]}}],"collection":[{"href":"https:\/\/codexflores.ch\/index.php\/wp-json\/wp\/v2\/posts"}],"about":[{"href":"https:\/\/codexflores.ch\/index.php\/wp-json\/wp\/v2\/types\/post"}],"author":[{"embeddable":true,"href":"https:\/\/codexflores.ch\/index.php\/wp-json\/wp\/v2\/users\/1"}],"replies":[{"embeddable":true,"href":"https:\/\/codexflores.ch\/index.php\/wp-json\/wp\/v2\/comments?post=2094"}],"version-history":[{"count":0,"href":"https:\/\/codexflores.ch\/index.php\/wp-json\/wp\/v2\/posts\/2094\/revisions"}],"wp:attachment":[{"href":"https:\/\/codexflores.ch\/index.php\/wp-json\/wp\/v2\/media?parent=2094"}],"wp:term":[{"taxonomy":"category","embeddable":true,"href":"https:\/\/codexflores.ch\/index.php\/wp-json\/wp\/v2\/categories?post=2094"},{"taxonomy":"post_tag","embeddable":true,"href":"https:\/\/codexflores.ch\/index.php\/wp-json\/wp\/v2\/tags?post=2094"}],"curies":[{"name":"wp","href":"https:\/\/api.w.org\/{rel}","templated":true}]}}