{"id":2095,"date":"2015-02-12T06:43:04","date_gmt":"2015-02-12T06:43:04","guid":{"rendered":"https:\/\/codexflores.ch\/index.php\/2015\/02\/12\/clemeur-verlaesst-opera-national-du-rhin\/"},"modified":"2015-02-12T06:43:04","modified_gmt":"2015-02-12T06:43:04","slug":"clemeur-verlaesst-opera-national-du-rhin","status":"publish","type":"post","link":"https:\/\/codexflores.ch\/index.php\/2015\/02\/12\/clemeur-verlaesst-opera-national-du-rhin\/","title":{"rendered":"Cl\u00e9meur verl\u00e4sst Op\u00e9ra national du Rhin 2016"},"content":{"rendered":"<p><span style=\"font-family: arial,helvetica,sans-serif; font-size: small;\">12.02.2015 &#8212; Marc Cl\u00e9meur, der Generalintendant der Op\u00e9ra national du Rhin mit Spielst\u00e4tten in Strassburg, Colmar und Mulhouse, bleibt nicht wie im Vertrag vorgesehen bis 2018 dem Haus erhalten. Er verl\u00e4sst es bereits per 1. September 2016.<\/span><\/p>\n<p><strong><span style=\"font-family: arial,helvetica,sans-serif; font-size: small;\">12.02.2015 &#8212; Marc Cl\u00e9meur, der Generalintendant der Op\u00e9ra national du Rhin mit Spielst\u00e4tten in Strassburg, Colmar und Mulhouse, bleibt nicht wie im Vertrag vorgesehen bis 2018 dem Haus erhalten. Er verl\u00e4sst es bereits per 1. September 2016.<\/span><\/strong><\/p>\n<p>\u00a0<\/p>\n<p><span style=\"font-family: arial,helvetica,sans-serif; font-size: small;\">Laut einer offiziellen Mitteilung der Oper will sich Cl\u00e9meur \u00abeinem neuen Projekt widmen\u00bb. Die letzten Jahre der Truppe seien erfolgreich gewesen, schreibt die Oper weiter. Ein Janacek-Zyklus, verschiedene Urauff\u00fchrungen und franz\u00f6sische Erstauff\u00fchrungen h\u00e4tten das Programm gepr\u00e4gt. <\/span><\/p>\n<p>\u00a0<\/p>\n<p><span style=\"font-family: arial,helvetica,sans-serif; font-size: small;\">Dank der Einf\u00fchrung zweisprachiger \u00dcbertitel habe sie \u00fcberdies mehr deutschsprachiges Publikum angezogen. Sie machten mittlerweile 23 Prozent des Zuschauer aus. <em>(cf)<\/em><\/span><\/p>\n<p>\u00a0<\/p>\n<p>\u00a0<\/p>\n","protected":false},"excerpt":{"rendered":"<p><span style=\"font-family: arial,helvetica,sans-serif; font-size: small;\">12.02.2015 &#8212; Marc Cl\u00e9meur, der Generalintendant der Op\u00e9ra national du Rhin mit Spielst\u00e4tten in Strassburg, Colmar und Mulhouse, bleibt nicht wie im Vertrag vorgesehen bis 2018 dem Haus erhalten. Er verl\u00e4sst es bereits per 1. September 2016.<\/span><\/p>\n","protected":false},"author":1,"featured_media":0,"comment_status":"open","ping_status":"open","sticky":false,"template":"","format":"standard","meta":{"footnotes":""},"categories":[2],"tags":[],"class_list":["post-2095","post","type-post","status-publish","format-standard","hentry","category-nachrichten","entry"],"_links":{"self":[{"href":"https:\/\/codexflores.ch\/index.php\/wp-json\/wp\/v2\/posts\/2095","targetHints":{"allow":["GET"]}}],"collection":[{"href":"https:\/\/codexflores.ch\/index.php\/wp-json\/wp\/v2\/posts"}],"about":[{"href":"https:\/\/codexflores.ch\/index.php\/wp-json\/wp\/v2\/types\/post"}],"author":[{"embeddable":true,"href":"https:\/\/codexflores.ch\/index.php\/wp-json\/wp\/v2\/users\/1"}],"replies":[{"embeddable":true,"href":"https:\/\/codexflores.ch\/index.php\/wp-json\/wp\/v2\/comments?post=2095"}],"version-history":[{"count":0,"href":"https:\/\/codexflores.ch\/index.php\/wp-json\/wp\/v2\/posts\/2095\/revisions"}],"wp:attachment":[{"href":"https:\/\/codexflores.ch\/index.php\/wp-json\/wp\/v2\/media?parent=2095"}],"wp:term":[{"taxonomy":"category","embeddable":true,"href":"https:\/\/codexflores.ch\/index.php\/wp-json\/wp\/v2\/categories?post=2095"},{"taxonomy":"post_tag","embeddable":true,"href":"https:\/\/codexflores.ch\/index.php\/wp-json\/wp\/v2\/tags?post=2095"}],"curies":[{"name":"wp","href":"https:\/\/api.w.org\/{rel}","templated":true}]}}