{"id":2096,"date":"2015-02-12T06:49:08","date_gmt":"2015-02-12T06:49:08","guid":{"rendered":"https:\/\/codexflores.ch\/index.php\/2015\/02\/12\/hartmann-gesellschaft-mit-neuem-vorstand\/"},"modified":"2015-02-12T06:49:08","modified_gmt":"2015-02-12T06:49:08","slug":"hartmann-gesellschaft-mit-neuem-vorstand","status":"publish","type":"post","link":"https:\/\/codexflores.ch\/index.php\/2015\/02\/12\/hartmann-gesellschaft-mit-neuem-vorstand\/","title":{"rendered":"Hartmann-\u00adGesellschaft mit neuem Vorstand"},"content":{"rendered":"<p>12.02.2015 &#8212; Die Mitgliederversammlung der Karl-\u00adAmadeus-\u00adHartmann-\u00adGesellschaft e. V. hat einen neuen Vorstand gew\u00e4hlt.<\/p>\n<p><strong>12.02.2015 &#8212; Die Mitgliederversammlung der Karl\u00ad\u2010Amadeus\u2010Hartmann\u00ad\u2010Gesellschaft e. V. hat einen neuen Vorstand gew\u00e4hlt.<\/strong><\/p>\n<p>\u00a0<\/p>\n<p>Unter dem Vorsitz des im Amt best\u00e4tigten Gesch\u00e4ftsf\u00fchrers Andreas H\u00e9rm Baumgartner (Dirigent, K\u00fcnstlerischer Leiter) wurden der Dirigent Christoph Poppen als Pr\u00e4sident, der Musikwissenschaftler Wolfgang Rathert (LMU-\u00ad\u2010M\u00fcnchen) als stellv. Gesch\u00e4ftsf\u00fchrer, der Rechtsanwalt Andreas Ammersbach als Schatzmeister sowie der Musikwissenschaftler Thomas Schulz als Schriftf\u00fchrer\/Medienvorstand in den Vorstand berufen.<\/p>\n<p>\u00a0<\/p>\n<p>Zu den Mitgliedern der Karl-\u00ad\u2010Amadeus-\u00ad\u2010Hartmann-\u00ad\u2010Gesellschaft z\u00e4hlen neben Musikinteressierten, Wissenschaftlern vor allem auch Pers\u00f6nlichkeiten aus dem nationalen wie internationalen Kulturleben, darunter unter anderem Helmut Lachenmann, Wolfgang Rihm, J\u00f6rg Widmann, Udo Zimmermann, Friedrich Cerha, Fabio Luisi, Ingo Metzmacher, Marek Janowski, Kurt Masur, Thomas Zehetmair, Ingolf Turban, Siegfried Mauser und Reinhold Kreile.\u00a0<em> (pd)<\/em><\/p>\n<p>\u00a0<\/p>\n<p>Mehr Infos: <a href=\"http:\/\/www.hartmann-\u00ad\u2010gesellschaft.de\" target=\"_blank\" rel=\"noopener noreferrer\">www.hartmann-\u00ad\u2010gesellschaft.de<\/a><\/p>\n","protected":false},"excerpt":{"rendered":"<p>12.02.2015 &#8212; Die Mitgliederversammlung der Karl-\u00adAmadeus-\u00adHartmann-\u00adGesellschaft e. V. hat einen neuen Vorstand gew\u00e4hlt.<\/p>\n","protected":false},"author":1,"featured_media":0,"comment_status":"open","ping_status":"open","sticky":false,"template":"","format":"standard","meta":{"footnotes":""},"categories":[2],"tags":[],"class_list":["post-2096","post","type-post","status-publish","format-standard","hentry","category-nachrichten","entry"],"_links":{"self":[{"href":"https:\/\/codexflores.ch\/index.php\/wp-json\/wp\/v2\/posts\/2096","targetHints":{"allow":["GET"]}}],"collection":[{"href":"https:\/\/codexflores.ch\/index.php\/wp-json\/wp\/v2\/posts"}],"about":[{"href":"https:\/\/codexflores.ch\/index.php\/wp-json\/wp\/v2\/types\/post"}],"author":[{"embeddable":true,"href":"https:\/\/codexflores.ch\/index.php\/wp-json\/wp\/v2\/users\/1"}],"replies":[{"embeddable":true,"href":"https:\/\/codexflores.ch\/index.php\/wp-json\/wp\/v2\/comments?post=2096"}],"version-history":[{"count":0,"href":"https:\/\/codexflores.ch\/index.php\/wp-json\/wp\/v2\/posts\/2096\/revisions"}],"wp:attachment":[{"href":"https:\/\/codexflores.ch\/index.php\/wp-json\/wp\/v2\/media?parent=2096"}],"wp:term":[{"taxonomy":"category","embeddable":true,"href":"https:\/\/codexflores.ch\/index.php\/wp-json\/wp\/v2\/categories?post=2096"},{"taxonomy":"post_tag","embeddable":true,"href":"https:\/\/codexflores.ch\/index.php\/wp-json\/wp\/v2\/tags?post=2096"}],"curies":[{"name":"wp","href":"https:\/\/api.w.org\/{rel}","templated":true}]}}