{"id":2097,"date":"2015-02-12T07:19:36","date_gmt":"2015-02-12T07:19:36","guid":{"rendered":"https:\/\/codexflores.ch\/index.php\/2015\/02\/12\/welser-moest-ersetzt-an-der-scala-pretre\/"},"modified":"2015-02-12T07:19:36","modified_gmt":"2015-02-12T07:19:36","slug":"welser-moest-ersetzt-an-der-scala-pretre","status":"publish","type":"post","link":"https:\/\/codexflores.ch\/index.php\/2015\/02\/12\/welser-moest-ersetzt-an-der-scala-pretre\/","title":{"rendered":"Welser-M\u00f6st ersetzt an der Scala Pretre"},"content":{"rendered":"<p><span style=\"font-family: arial,helvetica,sans-serif; font-size: small;\">12.02.2015 &#8212; Wie die Mail\u00e4nder Scala mitteilt, hat sich der 90-j\u00e4hrige Dirigent Georges Pretre erneut ein Bein gebrochen. F\u00fcr ihn springt nun Franz Welser-M\u00f6st ein.<\/span><\/p>\n<p>\u00a0<\/p>\n<p><span style=\"font-family: arial,helvetica,sans-serif; font-size: small;\"><strong>12.02.2015 &#8212; Wie die Mail\u00e4nder Scala mitteilt, hat sich der 90-j\u00e4hrige Dirigent Georges Pretre erneut ein Bein gebrochen. F\u00fcr ihn springt nun Franz Welser-M\u00f6st ein.<\/strong><\/span><\/p>\n<p>\u00a0<\/p>\n<p><span style=\"font-family: arial,helvetica,sans-serif; font-size: small;\">Pretre war bereits im Juni vergangenen Jahres gest\u00fcrzt und hatte sich dabei den Oberschenkelknochen gebrochen. Nun hat ter laut der Scala eine erneute Beinfraktur erlitten. Welser-M\u00f6st wird f\u00fcr Pretre am 16., 18. und 20. M\u00e4rz Bruckners 8. Symphonie dirigieren. <em>(cf)<\/em><\/span><\/p>\n","protected":false},"excerpt":{"rendered":"<p><span style=\"font-family: arial,helvetica,sans-serif; font-size: small;\">12.02.2015 &#8212; Wie die Mail\u00e4nder Scala mitteilt, hat sich der 90-j\u00e4hrige Dirigent Georges Pretre erneut ein Bein gebrochen. F\u00fcr ihn springt nun Franz Welser-M\u00f6st ein.<\/span><\/p>\n","protected":false},"author":1,"featured_media":0,"comment_status":"open","ping_status":"open","sticky":false,"template":"","format":"standard","meta":{"footnotes":""},"categories":[2],"tags":[],"class_list":["post-2097","post","type-post","status-publish","format-standard","hentry","category-nachrichten","entry"],"_links":{"self":[{"href":"https:\/\/codexflores.ch\/index.php\/wp-json\/wp\/v2\/posts\/2097","targetHints":{"allow":["GET"]}}],"collection":[{"href":"https:\/\/codexflores.ch\/index.php\/wp-json\/wp\/v2\/posts"}],"about":[{"href":"https:\/\/codexflores.ch\/index.php\/wp-json\/wp\/v2\/types\/post"}],"author":[{"embeddable":true,"href":"https:\/\/codexflores.ch\/index.php\/wp-json\/wp\/v2\/users\/1"}],"replies":[{"embeddable":true,"href":"https:\/\/codexflores.ch\/index.php\/wp-json\/wp\/v2\/comments?post=2097"}],"version-history":[{"count":0,"href":"https:\/\/codexflores.ch\/index.php\/wp-json\/wp\/v2\/posts\/2097\/revisions"}],"wp:attachment":[{"href":"https:\/\/codexflores.ch\/index.php\/wp-json\/wp\/v2\/media?parent=2097"}],"wp:term":[{"taxonomy":"category","embeddable":true,"href":"https:\/\/codexflores.ch\/index.php\/wp-json\/wp\/v2\/categories?post=2097"},{"taxonomy":"post_tag","embeddable":true,"href":"https:\/\/codexflores.ch\/index.php\/wp-json\/wp\/v2\/tags?post=2097"}],"curies":[{"name":"wp","href":"https:\/\/api.w.org\/{rel}","templated":true}]}}