{"id":2099,"date":"2015-02-13T06:56:59","date_gmt":"2015-02-13T06:56:59","guid":{"rendered":"https:\/\/codexflores.ch\/index.php\/2015\/02\/13\/becher-wird-intendant-des-rso-wien\/"},"modified":"2015-02-13T06:56:59","modified_gmt":"2015-02-13T06:56:59","slug":"becher-wird-intendant-des-rso-wien","status":"publish","type":"post","link":"https:\/\/codexflores.ch\/index.php\/2015\/02\/13\/becher-wird-intendant-des-rso-wien\/","title":{"rendered":"Becher wird Intendant des RSO Wien"},"content":{"rendered":"<p><span class=\"t1\" style=\"font-family: arial,helvetica,sans-serif; font-size: small;\">13.02.2015 &#8212; <span class=\"t1\" style=\"font-family: arial,helvetica,sans-serif; font-size: small;\">Christoph Becher<\/span>, der bisherige <span class=\"t1\"><span style=\"font-family: arial,helvetica,sans-serif; font-size: small;\">Intendant des W\u00fcrttembergischen Kammerorchesters Heilbronn, wird <\/span><\/span>Orchesterintendant des ORF Radio-Symphonieorchesters Wien.\u00a0<\/span><\/p>\n<p><span style=\"font-family: arial,helvetica,sans-serif; font-size: small;\"><strong><span class=\"t1\">13.02.2015 &#8212;\u00a0<span class=\"t1\" style=\"font-family: arial,helvetica,sans-serif; font-size: small;\"><span class=\"t1\" style=\"font-family: arial,helvetica,sans-serif; font-size: small;\">Christoph Becher<\/span>, der bisherige <span class=\"t1\"><span style=\"font-family: arial,helvetica,sans-serif; font-size: small;\">Intendant des W\u00fcrttembergischen Kammerorchesters Heilbronn, wird <\/span><\/span>Orchesterintendant des ORF Radio-Symphonieorchesters Wien.\u00a0<\/span><\/span><\/strong><\/span><\/p>\n<p><span class=\"t1\" style=\"font-family: arial,helvetica,sans-serif; font-size: small;\">\u00a0<\/span><\/p>\n<p><span class=\"t1\" style=\"font-family: arial,helvetica,sans-serif; font-size: small;\">Becher war nach seinem Studium der Musik-, Politik- und Literaturwissenschaft im deutschen Giessen von 1990 bis 1998 Dramaturg am Wiener Konzerthaus, wo er das Festival H\u00f6rg\u00e4nge ins Leben rief und leitete. Ausserdem kuratierte er zwei Jahrg\u00e4nge Wien modern. Im Anschluss an die Wiener Jahre arbeitete er zun\u00e4chst als Leitender Dramaturg an der Hamburgischen Staatsoper. Dort war Becher unter anderem f\u00fcr das Programm der Nebenspielst\u00e4tte opera stabile verantwortlich und erstellte mit Ingo Metzmacher, sp\u00e4ter auch mit Simone Young das gesamte Konzertprogramm des Philharmonischen Staatsorchesters Hamburg. <\/span><\/p>\n<p><span class=\"t1\" style=\"font-family: arial,helvetica,sans-serif; font-size: small;\">\u00a0<\/span><\/p>\n<p><span class=\"t1\"><span style=\"font-family: arial,helvetica,sans-serif; font-size: small;\">2007 holte ihn Christoph Lieben-Seutter als seine rechte Hand zur Elbphilharmonie Hamburg. Bechers Arbeitsschwerpunkte lagen unter anderem auf den Online-Aktivit\u00e4ten des Hauses und der Musikvermittlung \u2013 so konzipierte er das Programm Elbphilharmonie Kompass f\u00fcr Kinder, Jugendliche und junge Erwachsene. 2012 wechselte er als Gesch\u00e4ftsf\u00fchrender Intendant zum W\u00fcrttembergischen Kammerorchester Heilbronn.<\/span><\/p>\n<p><\/span><\/p>\n<p>\u00a0<\/p>\n","protected":false},"excerpt":{"rendered":"<p><span class=\"t1\" style=\"font-family: arial,helvetica,sans-serif; font-size: small;\">13.02.2015 &#8212; <span class=\"t1\" style=\"font-family: arial,helvetica,sans-serif; font-size: small;\">Christoph Becher<\/span>, der bisherige <span class=\"t1\"><span style=\"font-family: arial,helvetica,sans-serif; font-size: small;\">Intendant des W\u00fcrttembergischen Kammerorchesters Heilbronn, wird <\/span><\/span>Orchesterintendant des ORF Radio-Symphonieorchesters Wien.\u00a0<\/span><\/p>\n","protected":false},"author":1,"featured_media":0,"comment_status":"open","ping_status":"open","sticky":false,"template":"","format":"standard","meta":{"footnotes":""},"categories":[2],"tags":[],"class_list":["post-2099","post","type-post","status-publish","format-standard","hentry","category-nachrichten","entry"],"_links":{"self":[{"href":"https:\/\/codexflores.ch\/index.php\/wp-json\/wp\/v2\/posts\/2099","targetHints":{"allow":["GET"]}}],"collection":[{"href":"https:\/\/codexflores.ch\/index.php\/wp-json\/wp\/v2\/posts"}],"about":[{"href":"https:\/\/codexflores.ch\/index.php\/wp-json\/wp\/v2\/types\/post"}],"author":[{"embeddable":true,"href":"https:\/\/codexflores.ch\/index.php\/wp-json\/wp\/v2\/users\/1"}],"replies":[{"embeddable":true,"href":"https:\/\/codexflores.ch\/index.php\/wp-json\/wp\/v2\/comments?post=2099"}],"version-history":[{"count":0,"href":"https:\/\/codexflores.ch\/index.php\/wp-json\/wp\/v2\/posts\/2099\/revisions"}],"wp:attachment":[{"href":"https:\/\/codexflores.ch\/index.php\/wp-json\/wp\/v2\/media?parent=2099"}],"wp:term":[{"taxonomy":"category","embeddable":true,"href":"https:\/\/codexflores.ch\/index.php\/wp-json\/wp\/v2\/categories?post=2099"},{"taxonomy":"post_tag","embeddable":true,"href":"https:\/\/codexflores.ch\/index.php\/wp-json\/wp\/v2\/tags?post=2099"}],"curies":[{"name":"wp","href":"https:\/\/api.w.org\/{rel}","templated":true}]}}