{"id":2102,"date":"2015-02-16T07:22:52","date_gmt":"2015-02-16T07:22:52","guid":{"rendered":"https:\/\/codexflores.ch\/index.php\/2015\/02\/16\/meister-verlaengert-vertrag-mit-dem-rso-wien\/"},"modified":"2015-02-16T07:22:52","modified_gmt":"2015-02-16T07:22:52","slug":"meister-verlaengert-vertrag-mit-dem-rso-wien","status":"publish","type":"post","link":"https:\/\/codexflores.ch\/index.php\/2015\/02\/16\/meister-verlaengert-vertrag-mit-dem-rso-wien\/","title":{"rendered":"Meister verl\u00e4ngert den Vertrag mit dem RSO Wien"},"content":{"rendered":"<p><span style=\"font-family: arial,helvetica,sans-serif; font-size: small;\">16.02.2015 &#8212; Mit Christoph Becher hat das Radio-Symphonieorchesters Wien (RSO) Wien einen neuen Intendanten. Cornelius Meister hat \u00fcberdies seinen Vertrag als Chefdirigent und K\u00fcnstlerischer Leiter des RSO\u00a0 bis zum Sommer 2018 verl\u00e4ngert.<\/span><\/p>\n<p><span style=\"font-family: arial,helvetica,sans-serif; font-size: small;\"><strong>16.02.2015 &#8212; Mit Christoph Becher hat das Radio-Symphonieorchesters Wien (RSO) Wien einen neuen Intendanten. Cornelius Meister hat \u00fcberdies seinen Vertrag als Chefdirigent und K\u00fcnstlerischer Leiter des RSO\u00a0 bis zum Sommer 2018 verl\u00e4ngert.<\/strong><\/span><\/p>\n<p>\u00a0<\/p>\n<p><span style=\"font-family: arial,helvetica,sans-serif; font-size: small;\">Der 1980 in Hannover geborene Cornelius Meister ist seit September 2010 Chefdirigent und K\u00fcnstlerischer Leiter des ORF Radio-Symphonieorchesters Wien. Er ist auch in Z\u00fcrich ein h\u00e4ufiger Gast. In der vergangenen Saison dirigierte er das Tonhalle-Orchester Z\u00fcrich und soeben am Opernhaus Z\u00fcrich <em>Die Zauberfl\u00f6te<\/em>. <em>(cf)<\/em><\/span><\/p>\n<p>\u00a0<\/p>\n","protected":false},"excerpt":{"rendered":"<p><span style=\"font-family: arial,helvetica,sans-serif; font-size: small;\">16.02.2015 &#8212; Mit Christoph Becher hat das Radio-Symphonieorchesters Wien (RSO) Wien einen neuen Intendanten. Cornelius Meister hat \u00fcberdies seinen Vertrag als Chefdirigent und K\u00fcnstlerischer Leiter des RSO\u00a0 bis zum Sommer 2018 verl\u00e4ngert.<\/span><\/p>\n","protected":false},"author":1,"featured_media":0,"comment_status":"open","ping_status":"open","sticky":false,"template":"","format":"standard","meta":{"footnotes":""},"categories":[2],"tags":[],"class_list":["post-2102","post","type-post","status-publish","format-standard","hentry","category-nachrichten","entry"],"_links":{"self":[{"href":"https:\/\/codexflores.ch\/index.php\/wp-json\/wp\/v2\/posts\/2102","targetHints":{"allow":["GET"]}}],"collection":[{"href":"https:\/\/codexflores.ch\/index.php\/wp-json\/wp\/v2\/posts"}],"about":[{"href":"https:\/\/codexflores.ch\/index.php\/wp-json\/wp\/v2\/types\/post"}],"author":[{"embeddable":true,"href":"https:\/\/codexflores.ch\/index.php\/wp-json\/wp\/v2\/users\/1"}],"replies":[{"embeddable":true,"href":"https:\/\/codexflores.ch\/index.php\/wp-json\/wp\/v2\/comments?post=2102"}],"version-history":[{"count":0,"href":"https:\/\/codexflores.ch\/index.php\/wp-json\/wp\/v2\/posts\/2102\/revisions"}],"wp:attachment":[{"href":"https:\/\/codexflores.ch\/index.php\/wp-json\/wp\/v2\/media?parent=2102"}],"wp:term":[{"taxonomy":"category","embeddable":true,"href":"https:\/\/codexflores.ch\/index.php\/wp-json\/wp\/v2\/categories?post=2102"},{"taxonomy":"post_tag","embeddable":true,"href":"https:\/\/codexflores.ch\/index.php\/wp-json\/wp\/v2\/tags?post=2102"}],"curies":[{"name":"wp","href":"https:\/\/api.w.org\/{rel}","templated":true}]}}