{"id":2105,"date":"2015-02-17T07:15:31","date_gmt":"2015-02-17T07:15:31","guid":{"rendered":"https:\/\/codexflores.ch\/index.php\/2015\/02\/17\/alexander-pereiras-mailaender-vertrag-verlaengert\/"},"modified":"2015-02-17T07:15:31","modified_gmt":"2015-02-17T07:15:31","slug":"alexander-pereiras-mailaender-vertrag-verlaengert","status":"publish","type":"post","link":"https:\/\/codexflores.ch\/index.php\/2015\/02\/17\/alexander-pereiras-mailaender-vertrag-verlaengert\/","title":{"rendered":"Alexander Pereiras Mail\u00e4nder Vertrag verl\u00e4ngert"},"content":{"rendered":"<p>17.02.2015 &#8212; Nach Interessenkonflikten mit Salzburg ist Alexander Pereira in Mailand letztes Jahr vertragstechnisch auf Schmalkost gesetzt worden. Das hat die Mail\u00e4nder Scala nun korrigiert und ihrem Intendanten den Vertrag wieder verl\u00e4ngert.<\/p>\n<p>\u00a0<\/p>\n<p><strong>17.02.2015 &#8212; Nach Interessenkonflikten mit Salzburg ist Alexander Pereira in Mailand letztes Jahr vertragstechnisch auf Schmalkost gesetzt worden. Das hat die Mail\u00e4nder Scala nun korrigiert und ihrem Intendanten den Vertrag wieder verl\u00e4ngert.<\/strong><\/p>\n<p>\u00a0<\/p>\n<p>Im Mai vergangenen Jahres wurde Pereiras Vertrag bis 2015 verk\u00fcrzt, weil er Inszenierungen der von ihm zuvor geleiteten Salzburger Festspiele quasi an sich selber in Mailand verkaufte. Politiker dr\u00e4ngten teilweise gar auf eine sofortige Aufl\u00f6sung des Arbeitsverh\u00e4ltnisses.<\/p>\n<p>\u00a0<\/p>\n<p>Nun herrscht wieder Courant normal. Pereiras Vertrag ist wieder auf die urspr\u00fcngliche Laufzeit von f\u00fcnf Jahren ausgedehnt worden.<em> (cf)<\/em><\/p>\n<p>\u00a0<\/p>\n","protected":false},"excerpt":{"rendered":"<p>17.02.2015 &#8212; Nach Interessenkonflikten mit Salzburg ist Alexander Pereira in Mailand letztes Jahr vertragstechnisch auf Schmalkost gesetzt worden. Das hat die Mail\u00e4nder Scala nun korrigiert und ihrem Intendanten den Vertrag wieder verl\u00e4ngert.<\/p>\n","protected":false},"author":1,"featured_media":0,"comment_status":"open","ping_status":"open","sticky":false,"template":"","format":"standard","meta":{"footnotes":""},"categories":[2],"tags":[],"class_list":["post-2105","post","type-post","status-publish","format-standard","hentry","category-nachrichten","entry"],"_links":{"self":[{"href":"https:\/\/codexflores.ch\/index.php\/wp-json\/wp\/v2\/posts\/2105","targetHints":{"allow":["GET"]}}],"collection":[{"href":"https:\/\/codexflores.ch\/index.php\/wp-json\/wp\/v2\/posts"}],"about":[{"href":"https:\/\/codexflores.ch\/index.php\/wp-json\/wp\/v2\/types\/post"}],"author":[{"embeddable":true,"href":"https:\/\/codexflores.ch\/index.php\/wp-json\/wp\/v2\/users\/1"}],"replies":[{"embeddable":true,"href":"https:\/\/codexflores.ch\/index.php\/wp-json\/wp\/v2\/comments?post=2105"}],"version-history":[{"count":0,"href":"https:\/\/codexflores.ch\/index.php\/wp-json\/wp\/v2\/posts\/2105\/revisions"}],"wp:attachment":[{"href":"https:\/\/codexflores.ch\/index.php\/wp-json\/wp\/v2\/media?parent=2105"}],"wp:term":[{"taxonomy":"category","embeddable":true,"href":"https:\/\/codexflores.ch\/index.php\/wp-json\/wp\/v2\/categories?post=2105"},{"taxonomy":"post_tag","embeddable":true,"href":"https:\/\/codexflores.ch\/index.php\/wp-json\/wp\/v2\/tags?post=2105"}],"curies":[{"name":"wp","href":"https:\/\/api.w.org\/{rel}","templated":true}]}}