{"id":2107,"date":"2015-02-17T07:47:26","date_gmt":"2015-02-17T07:47:26","guid":{"rendered":"https:\/\/codexflores.ch\/index.php\/2015\/02\/17\/jean-nouvel-verklagt-philharmonie-de-paris\/"},"modified":"2015-02-17T07:47:26","modified_gmt":"2015-02-17T07:47:26","slug":"jean-nouvel-verklagt-philharmonie-de-paris","status":"publish","type":"post","link":"https:\/\/codexflores.ch\/index.php\/2015\/02\/17\/jean-nouvel-verklagt-philharmonie-de-paris\/","title":{"rendered":"Jean Nouvel verklagt die Philharmonie de Paris"},"content":{"rendered":"<p><span style=\"font-family: arial,helvetica,sans-serif; font-size: small;\">17.02.2015 &#8212; Der Architekt Jean Nouvel zog es vor, wegen der zu fr\u00fchen Einweihung des von im entworfenen Pariser Konzertsaals nicht an der Feierlichkeit teilzunehmen. Nun verklagt er die Bauherren sogar wegen unzul\u00e4ssiger Eingriffe in seine Entw\u00fcrfe.<\/span><\/p>\n<p><span style=\"font-family: arial,helvetica,sans-serif; font-size: small;\"><strong>17.02.2015 &#8212; Der Architekt Jean Nouvel zog es vor, wegen der zu fr\u00fchen Einweihung des von im entworfenen Pariser Konzertsaals nicht an der Feierlichkeit teilzunehmen. Nun verklagt er die Bauherren sogar wegen unzul\u00e4ssiger Eingriffe in seine Entw\u00fcrfe.<\/strong><\/span><\/p>\n<p><span style=\"font-family: arial,helvetica,sans-serif; font-size: small;\">\u00a0<\/span><\/p>\n<p><span style=\"font-family: arial,helvetica,sans-serif; font-size: small;\">Wie <em>Le Monde<\/em> schreibt, moniert Nouvel insgesamt 26 Ab\u00e4nderungen seiner Pl\u00e4ne gegen seinen Willen. Er verlangt keine finanzielle Entsch\u00e4digung, will aber, dass er als Architekt des Geb\u00e4udes nicht mehr genannt wird, weil er sich mit dem Resultat nicht identifizieren kann. <em>(cf)<\/em><\/span><\/p>\n<p><span style=\"font-family: arial,helvetica,sans-serif; font-size: small;\">\u00a0<\/span><\/p>\n","protected":false},"excerpt":{"rendered":"<p><span style=\"font-family: arial,helvetica,sans-serif; font-size: small;\">17.02.2015 &#8212; Der Architekt Jean Nouvel zog es vor, wegen der zu fr\u00fchen Einweihung des von im entworfenen Pariser Konzertsaals nicht an der Feierlichkeit teilzunehmen. Nun verklagt er die Bauherren sogar wegen unzul\u00e4ssiger Eingriffe in seine Entw\u00fcrfe.<\/span><\/p>\n","protected":false},"author":1,"featured_media":0,"comment_status":"open","ping_status":"open","sticky":false,"template":"","format":"standard","meta":{"footnotes":""},"categories":[2],"tags":[],"class_list":["post-2107","post","type-post","status-publish","format-standard","hentry","category-nachrichten","entry"],"_links":{"self":[{"href":"https:\/\/codexflores.ch\/index.php\/wp-json\/wp\/v2\/posts\/2107","targetHints":{"allow":["GET"]}}],"collection":[{"href":"https:\/\/codexflores.ch\/index.php\/wp-json\/wp\/v2\/posts"}],"about":[{"href":"https:\/\/codexflores.ch\/index.php\/wp-json\/wp\/v2\/types\/post"}],"author":[{"embeddable":true,"href":"https:\/\/codexflores.ch\/index.php\/wp-json\/wp\/v2\/users\/1"}],"replies":[{"embeddable":true,"href":"https:\/\/codexflores.ch\/index.php\/wp-json\/wp\/v2\/comments?post=2107"}],"version-history":[{"count":0,"href":"https:\/\/codexflores.ch\/index.php\/wp-json\/wp\/v2\/posts\/2107\/revisions"}],"wp:attachment":[{"href":"https:\/\/codexflores.ch\/index.php\/wp-json\/wp\/v2\/media?parent=2107"}],"wp:term":[{"taxonomy":"category","embeddable":true,"href":"https:\/\/codexflores.ch\/index.php\/wp-json\/wp\/v2\/categories?post=2107"},{"taxonomy":"post_tag","embeddable":true,"href":"https:\/\/codexflores.ch\/index.php\/wp-json\/wp\/v2\/tags?post=2107"}],"curies":[{"name":"wp","href":"https:\/\/api.w.org\/{rel}","templated":true}]}}