{"id":2109,"date":"2015-02-18T07:43:59","date_gmt":"2015-02-18T07:43:59","guid":{"rendered":"https:\/\/codexflores.ch\/index.php\/2015\/02\/18\/minnesota-orchestra-reist-nach-kuba\/"},"modified":"2015-02-18T07:43:59","modified_gmt":"2015-02-18T07:43:59","slug":"minnesota-orchestra-reist-nach-kuba","status":"publish","type":"post","link":"https:\/\/codexflores.ch\/index.php\/2015\/02\/18\/minnesota-orchestra-reist-nach-kuba\/","title":{"rendered":"Minnesota Orchestra reist nach Kuba"},"content":{"rendered":"<p><span style=\"font-family: arial,helvetica,sans-serif; font-size: small;\">18.02.2015 &#8212; Die relative Entspannung des Verh\u00e4ltnisses zwischen den USA und Kuba tr\u00e4gt auch musikalische Fr\u00fcchte. Als erstes US-Orchester wird das Minnesota Orchestra der Insel einen Besuch abstatten.<\/span><\/p>\n<p><span style=\"font-family: arial,helvetica,sans-serif; font-size: small;\"><strong>18.02.2015 &#8212; Die relative Entspannung des Verh\u00e4ltnisses zwischen den USA und Kuba tr\u00e4gt auch musikalische Fr\u00fcchte. Als erstes US-Orchester wird das Minnesota Orchestra der Insel einen Besuch abstatten.<\/strong><\/span><\/p>\n<p><span style=\"font-family: arial,helvetica,sans-serif; font-size: small;\">\u00a0<\/span><\/p>\n<p><span style=\"font-family: arial,helvetica,sans-serif; font-size: small;\">Drigiert wird das Orchester bei seinem Abstecher am 15. und 16. Mai ins Teatro Nacional in Havanna von Osmo V\u00e4nsk\u00e4. Die Auftritte sind teil des Internationalen Festival Cubadisco. Erklingen werden Beethovens <em>Choralfantasie<\/em>\u00a0\u2013 mit dem kubanischen Nationalchor \u00a0\u2013 sowie die dritte Sinfonie des Bonner Meisters. <\/span><\/p>\n<p>\u00a0<\/p>\n<p><span style=\"font-family: arial,helvetica,sans-serif; font-size: small;\">Mit letzterer kn\u00fcpft das Minnesota Orchestra an seinen letzten Aufenthalt auf der Insel in den Jahren 1929 und 1930 an, als es die <em>Eroica<\/em> ebenfalls erklingen liess. <em>(cf)<\/em><\/span><\/p>\n<p><span style=\"font-family: arial,helvetica,sans-serif; font-size: small;\">\u00a0<\/span><\/p>\n","protected":false},"excerpt":{"rendered":"<p><span style=\"font-family: arial,helvetica,sans-serif; font-size: small;\">18.02.2015 &#8212; Die relative Entspannung des Verh\u00e4ltnisses zwischen den USA und Kuba tr\u00e4gt auch musikalische Fr\u00fcchte. Als erstes US-Orchester wird das Minnesota Orchestra der Insel einen Besuch abstatten.<\/span><\/p>\n","protected":false},"author":1,"featured_media":0,"comment_status":"open","ping_status":"open","sticky":false,"template":"","format":"standard","meta":{"footnotes":""},"categories":[2],"tags":[],"class_list":["post-2109","post","type-post","status-publish","format-standard","hentry","category-nachrichten","entry"],"_links":{"self":[{"href":"https:\/\/codexflores.ch\/index.php\/wp-json\/wp\/v2\/posts\/2109","targetHints":{"allow":["GET"]}}],"collection":[{"href":"https:\/\/codexflores.ch\/index.php\/wp-json\/wp\/v2\/posts"}],"about":[{"href":"https:\/\/codexflores.ch\/index.php\/wp-json\/wp\/v2\/types\/post"}],"author":[{"embeddable":true,"href":"https:\/\/codexflores.ch\/index.php\/wp-json\/wp\/v2\/users\/1"}],"replies":[{"embeddable":true,"href":"https:\/\/codexflores.ch\/index.php\/wp-json\/wp\/v2\/comments?post=2109"}],"version-history":[{"count":0,"href":"https:\/\/codexflores.ch\/index.php\/wp-json\/wp\/v2\/posts\/2109\/revisions"}],"wp:attachment":[{"href":"https:\/\/codexflores.ch\/index.php\/wp-json\/wp\/v2\/media?parent=2109"}],"wp:term":[{"taxonomy":"category","embeddable":true,"href":"https:\/\/codexflores.ch\/index.php\/wp-json\/wp\/v2\/categories?post=2109"},{"taxonomy":"post_tag","embeddable":true,"href":"https:\/\/codexflores.ch\/index.php\/wp-json\/wp\/v2\/tags?post=2109"}],"curies":[{"name":"wp","href":"https:\/\/api.w.org\/{rel}","templated":true}]}}