{"id":2110,"date":"2015-02-18T07:59:17","date_gmt":"2015-02-18T07:59:17","guid":{"rendered":"https:\/\/codexflores.ch\/index.php\/2015\/02\/18\/tod-das-saxophonisten-joh-edward-kelly\/"},"modified":"2015-02-18T07:59:17","modified_gmt":"2015-02-18T07:59:17","slug":"tod-das-saxophonisten-joh-edward-kelly","status":"publish","type":"post","link":"https:\/\/codexflores.ch\/index.php\/2015\/02\/18\/tod-das-saxophonisten-joh-edward-kelly\/","title":{"rendered":"Tod des Saxophonisten John-Edward Kelly"},"content":{"rendered":"<p><span style=\"font-family: arial,helvetica,sans-serif; font-size: small;\">18.02.2015 &#8212; Der Saxophonist John-Edward Kelly, der lange Jahre an der D\u00fcsseldorfer Musikakademie unterrichtete und Mitglied des Rascher-Quartetts war, ist im Alter von 56 Jahren einem Krebsleiden erlegen.<\/span><\/p>\n<p><span style=\"font-family: arial,helvetica,sans-serif; font-size: small;\"><strong>18.02.2015 &#8212; Der Saxophonist John-Edward Kelly, der lange Jahre an der D\u00fcsseldorfer Musikakademie unterrichtete und Mitglied des Rascher-Quartetts war, ist im Alter von 56 Jahren einem Krebsleiden erlegen.<\/strong><\/span><\/p>\n<p><span style=\"font-family: arial,helvetica,sans-serif; font-size: small;\">\u00a0<\/span><\/p>\n<p><span style=\"font-family: arial,helvetica,sans-serif; font-size: small;\">Der geb\u00fcrtige Kalifornier Kelly konzertierte weltweit als Saxophonist und Dirigent und realiserte mehr als zweihundert Urauff\u00fchrungen 1999 wurde er in die Schwedische Musikakademie gew\u00e4hlt.<\/span><\/p>\n<p><span style=\"font-family: arial,helvetica,sans-serif; font-size: small;\">\u00a0<\/span><\/p>\n<p><span style=\"font-family: arial,helvetica,sans-serif; font-size: small;\">Von 1996 bis 2003 war Kelly Professor an der\u00a0Robert Schumann Hochschule D\u00fcsseldorf und von 2000 bis 2005 auch an der Staatlichen Norwegischen Musikakademie in Oslo. Ab 2005 war er K\u00fcnstlerischer Leiter des Arcos Orchestra in New York. <em>(cf)<\/em><\/span><\/p>\n<p><span style=\"font-family: arial,helvetica,sans-serif; font-size: small;\">\u00a0<\/span><\/p>\n<p>\u00a0<\/p>\n","protected":false},"excerpt":{"rendered":"<p><span style=\"font-family: arial,helvetica,sans-serif; font-size: small;\">18.02.2015 &#8212; Der Saxophonist John-Edward Kelly, der lange Jahre an der D\u00fcsseldorfer Musikakademie unterrichtete und Mitglied des Rascher-Quartetts war, ist im Alter von 56 Jahren einem Krebsleiden erlegen.<\/span><\/p>\n","protected":false},"author":1,"featured_media":0,"comment_status":"open","ping_status":"open","sticky":false,"template":"","format":"standard","meta":{"footnotes":""},"categories":[2],"tags":[],"class_list":["post-2110","post","type-post","status-publish","format-standard","hentry","category-nachrichten","entry"],"_links":{"self":[{"href":"https:\/\/codexflores.ch\/index.php\/wp-json\/wp\/v2\/posts\/2110","targetHints":{"allow":["GET"]}}],"collection":[{"href":"https:\/\/codexflores.ch\/index.php\/wp-json\/wp\/v2\/posts"}],"about":[{"href":"https:\/\/codexflores.ch\/index.php\/wp-json\/wp\/v2\/types\/post"}],"author":[{"embeddable":true,"href":"https:\/\/codexflores.ch\/index.php\/wp-json\/wp\/v2\/users\/1"}],"replies":[{"embeddable":true,"href":"https:\/\/codexflores.ch\/index.php\/wp-json\/wp\/v2\/comments?post=2110"}],"version-history":[{"count":0,"href":"https:\/\/codexflores.ch\/index.php\/wp-json\/wp\/v2\/posts\/2110\/revisions"}],"wp:attachment":[{"href":"https:\/\/codexflores.ch\/index.php\/wp-json\/wp\/v2\/media?parent=2110"}],"wp:term":[{"taxonomy":"category","embeddable":true,"href":"https:\/\/codexflores.ch\/index.php\/wp-json\/wp\/v2\/categories?post=2110"},{"taxonomy":"post_tag","embeddable":true,"href":"https:\/\/codexflores.ch\/index.php\/wp-json\/wp\/v2\/tags?post=2110"}],"curies":[{"name":"wp","href":"https:\/\/api.w.org\/{rel}","templated":true}]}}