{"id":2114,"date":"2015-02-20T07:07:22","date_gmt":"2015-02-20T07:07:22","guid":{"rendered":"https:\/\/codexflores.ch\/index.php\/2015\/02\/20\/swr-jazzpreis-2015-fuer-georg-graewe\/"},"modified":"2015-02-20T07:07:22","modified_gmt":"2015-02-20T07:07:22","slug":"swr-jazzpreis-2015-fuer-georg-graewe","status":"publish","type":"post","link":"https:\/\/codexflores.ch\/index.php\/2015\/02\/20\/swr-jazzpreis-2015-fuer-georg-graewe\/","title":{"rendered":"SWR-Jazzpreis 2015 f\u00fcr Georg Graewe"},"content":{"rendered":"<p><span style=\"font-family: arial,helvetica,sans-serif; font-size: small;\">20.02.2015 &#8212; Der Pianist Georg Graewe erh\u00e4lt den je zur H\u00e4lfte vom Land Rheinland-Pfalz und vom S\u00fcdwestrundfunk gestifteten SWR-Jazzpreis 2015. Der Preis ist mit 15&#8217;000 Euro dotiert und wird im kommenden Herbst beim Internationalen Festival Enjoy Jazz in Ludwigshafen \u00fcberreicht.<\/span><\/p>\n<p><span style=\"font-family: arial,helvetica,sans-serif; font-size: small;\"><strong>20.02.2015 &#8212; Der Pianist Georg Graewe erh\u00e4lt den je zur H\u00e4lfte vom Land Rheinland-Pfalz und vom S\u00fcdwestrundfunk gestifteten SWR-Jazzpreis 2015. Der Preis ist mit 15&#8217;000 Euro dotiert und wird im kommenden Herbst beim Internationalen Festival Enjoy Jazz in Ludwigshafen \u00fcberreicht.<\/strong><\/span><\/p>\n<p>\u00a0<\/p>\n<p><span style=\"font-family: arial,helvetica,sans-serif; font-size: small;\">Georg Graewe pr\u00e4gt das deutsche Jazzleben als Solist und als Leiter verschiedener Ensembles wie dem GrubenKlangOrchester oder dem Georg-Graewe-Quartett sowie mit seinem frei improvisierenden Trio mit dem Cellisten Ernst Reijseger und dem Schlagzeuger Gerry Hemingway. Dar\u00fcber hinaus hat Graewe mit vielen f\u00fchrenden Musikerpers\u00f6nlichkeiten der Gegenwart kooperiert \u2013 darunter Anthony Braxton, Evan Parker, Roscoe Mitchell, Dave Douglas, Phil Minton, Barry Guy, Barre Phillips, John Butcher, Mats Gustafsson und Paul Lovens. <\/span><\/p>\n<p><span style=\"font-family: arial,helvetica,sans-serif; font-size: small;\">\u00a0<\/span><\/p>\n<p><span style=\"font-family: arial,helvetica,sans-serif; font-size: small;\">Neben seiner Arbeit als Pianist und Bandleader ist Graewe auch als Komponist aktiv. Sein Werkkatalog umfasst sowohl Opern, Kammermusik, Orchesterst\u00fccke als auch Arbeiten f\u00fcr Film und Fernsehen sowie Musik zu Theaterauff\u00fchrungen, H\u00f6rspielproduktionen und Videoinstallationen.<\/span><\/p>\n<p>\u00a0<\/p>\n<p><span style=\"font-family: arial,helvetica,sans-serif; font-size: small;\">Der SWR-Jazzpreis ist der \u00e4lteste Jazzpreis Deutschlands und wird 2015 zum 35. Mal vergeben. Die Jury besteht aus je zwei Vertretern des SWR (Julia Neupert\/Juryvorsitz und G\u00fcnther Huesmann) und des Landes Rheinland-Pfalz (Georg-Rudolf May, Konrad Georgi), einem Mitglied einer Jazzorganisation (Achim Kaufmann, Union Deutscher Jazzmusiker) und zwei unabh\u00e4ngigen Musikkritikern (Ralf Dombrowski, Nina Polaschegg). Ebenfalls nominiert waren der Schlagzeuger Christian Lillinger und der Pianist Rainer B\u00f6hm. <em>(cf)<\/em><\/span><\/p>\n<p>\u00a0<\/p>\n","protected":false},"excerpt":{"rendered":"<p><span style=\"font-family: arial,helvetica,sans-serif; font-size: small;\">20.02.2015 &#8212; Der Pianist Georg Graewe erh\u00e4lt den je zur H\u00e4lfte vom Land Rheinland-Pfalz und vom S\u00fcdwestrundfunk gestifteten SWR-Jazzpreis 2015. Der Preis ist mit 15&#8217;000 Euro dotiert und wird im kommenden Herbst beim Internationalen Festival Enjoy Jazz in Ludwigshafen \u00fcberreicht.<\/span><\/p>\n","protected":false},"author":1,"featured_media":0,"comment_status":"open","ping_status":"open","sticky":false,"template":"","format":"standard","meta":{"footnotes":""},"categories":[2],"tags":[],"class_list":["post-2114","post","type-post","status-publish","format-standard","hentry","category-nachrichten","entry"],"_links":{"self":[{"href":"https:\/\/codexflores.ch\/index.php\/wp-json\/wp\/v2\/posts\/2114","targetHints":{"allow":["GET"]}}],"collection":[{"href":"https:\/\/codexflores.ch\/index.php\/wp-json\/wp\/v2\/posts"}],"about":[{"href":"https:\/\/codexflores.ch\/index.php\/wp-json\/wp\/v2\/types\/post"}],"author":[{"embeddable":true,"href":"https:\/\/codexflores.ch\/index.php\/wp-json\/wp\/v2\/users\/1"}],"replies":[{"embeddable":true,"href":"https:\/\/codexflores.ch\/index.php\/wp-json\/wp\/v2\/comments?post=2114"}],"version-history":[{"count":0,"href":"https:\/\/codexflores.ch\/index.php\/wp-json\/wp\/v2\/posts\/2114\/revisions"}],"wp:attachment":[{"href":"https:\/\/codexflores.ch\/index.php\/wp-json\/wp\/v2\/media?parent=2114"}],"wp:term":[{"taxonomy":"category","embeddable":true,"href":"https:\/\/codexflores.ch\/index.php\/wp-json\/wp\/v2\/categories?post=2114"},{"taxonomy":"post_tag","embeddable":true,"href":"https:\/\/codexflores.ch\/index.php\/wp-json\/wp\/v2\/tags?post=2114"}],"curies":[{"name":"wp","href":"https:\/\/api.w.org\/{rel}","templated":true}]}}