{"id":2120,"date":"2015-02-23T07:08:25","date_gmt":"2015-02-23T07:08:25","guid":{"rendered":"https:\/\/codexflores.ch\/index.php\/2015\/02\/23\/poschner-folgt-in-linz-auf-dennis-russell-davies\/"},"modified":"2015-02-23T07:08:25","modified_gmt":"2015-02-23T07:08:25","slug":"poschner-folgt-in-linz-auf-dennis-russell-davies","status":"publish","type":"post","link":"https:\/\/codexflores.ch\/index.php\/2015\/02\/23\/poschner-folgt-in-linz-auf-dennis-russell-davies\/","title":{"rendered":"Poschner folgt in Linz auf Dennis Russell Davies"},"content":{"rendered":"<p><span style=\"font-family: arial,helvetica,sans-serif; font-size: small;\">23.02.2015 &#8212; Markus Poschner, der derzeitige Bremer Generalmusikdirektor und Chefdirigent der Bremer Philharmoniker und ab Herbst Chefdirigent des Orchestra della Svizzera Italiana, wird Opernchef des Landestheaters und Chefdirigent des Brucknerorchesters Linz. Er folgt in dem Amt auf Dennis Russell Davies.<\/span><\/p>\n<p><span style=\"font-family: arial,helvetica,sans-serif; font-size: small;\"><strong>23.02.2015 &#8212; Markus Poschner, der derzeitige Bremer Generalmusikdirektor und Chefdirigent der Bremer Philharmoniker und ab Herbst Chefdirigent des Orchestra della Svizzera Italiana, wird Opernchef des Landestheaters und Chefdirigent des Brucknerorchesters Linz. Er folgt in dem Amt auf Dennis Russell Davies.<\/strong><\/span><\/p>\n<p><span style=\"font-family: arial,helvetica,sans-serif; font-size: small;\">\u00a0<\/span><\/p>\n<p><span style=\"font-family: arial,helvetica,sans-serif; font-size: small;\">Poschner sei aus insgesamt 120 Bewerbern ausgew\u00e4hlt worden, schreiben lokale Medien in Linz. Er werde mit einem Vertrag \u00fcber f\u00fcnf Jahre die Funktionen ab der Spielzeit 2017\/2018 \u00fcbernehmen. Dennis Russell Davies gibt den Posten aus Altersgr\u00fcnden auf.<\/span><\/p>\n<p><span style=\"font-family: arial,helvetica,sans-serif; font-size: small;\">\u00a0<\/span><\/p>\n<p><span style=\"font-family: arial,helvetica,sans-serif; font-size: small;\">Der 1971 in M\u00fcnchen geborene Poschner studiierte an der dortigen Musikhochschule und assistierte Dirigenten wie Sir Roger Norrington und Sir Colin Davis. Im Jahr 2000 wurde er zum Chefdirigenten des Georgischen Kammerorchesters Ingolstadt ernannt und ging darauf nach Berlin an die Komische Oper. 2007 wurde er zum Generalmusikdirektor der Freien Hansestadt Bremen berufen. <em>(cf)<\/em>\u00a0<\/span><\/p>\n","protected":false},"excerpt":{"rendered":"<p><span style=\"font-family: arial,helvetica,sans-serif; font-size: small;\">23.02.2015 &#8212; Markus Poschner, der derzeitige Bremer Generalmusikdirektor und Chefdirigent der Bremer Philharmoniker und ab Herbst Chefdirigent des Orchestra della Svizzera Italiana, wird Opernchef des Landestheaters und Chefdirigent des Brucknerorchesters Linz. Er folgt in dem Amt auf Dennis Russell Davies.<\/span><\/p>\n","protected":false},"author":1,"featured_media":0,"comment_status":"open","ping_status":"open","sticky":false,"template":"","format":"standard","meta":{"footnotes":""},"categories":[2],"tags":[],"class_list":["post-2120","post","type-post","status-publish","format-standard","hentry","category-nachrichten","entry"],"_links":{"self":[{"href":"https:\/\/codexflores.ch\/index.php\/wp-json\/wp\/v2\/posts\/2120","targetHints":{"allow":["GET"]}}],"collection":[{"href":"https:\/\/codexflores.ch\/index.php\/wp-json\/wp\/v2\/posts"}],"about":[{"href":"https:\/\/codexflores.ch\/index.php\/wp-json\/wp\/v2\/types\/post"}],"author":[{"embeddable":true,"href":"https:\/\/codexflores.ch\/index.php\/wp-json\/wp\/v2\/users\/1"}],"replies":[{"embeddable":true,"href":"https:\/\/codexflores.ch\/index.php\/wp-json\/wp\/v2\/comments?post=2120"}],"version-history":[{"count":0,"href":"https:\/\/codexflores.ch\/index.php\/wp-json\/wp\/v2\/posts\/2120\/revisions"}],"wp:attachment":[{"href":"https:\/\/codexflores.ch\/index.php\/wp-json\/wp\/v2\/media?parent=2120"}],"wp:term":[{"taxonomy":"category","embeddable":true,"href":"https:\/\/codexflores.ch\/index.php\/wp-json\/wp\/v2\/categories?post=2120"},{"taxonomy":"post_tag","embeddable":true,"href":"https:\/\/codexflores.ch\/index.php\/wp-json\/wp\/v2\/tags?post=2120"}],"curies":[{"name":"wp","href":"https:\/\/api.w.org\/{rel}","templated":true}]}}