{"id":2123,"date":"2015-02-24T06:56:51","date_gmt":"2015-02-24T06:56:51","guid":{"rendered":"https:\/\/codexflores.ch\/index.php\/2015\/02\/24\/tod-des-komponisten-charles-kalman\/"},"modified":"2015-02-24T06:56:51","modified_gmt":"2015-02-24T06:56:51","slug":"tod-des-komponisten-charles-kalman","status":"publish","type":"post","link":"https:\/\/codexflores.ch\/index.php\/2015\/02\/24\/tod-des-komponisten-charles-kalman\/","title":{"rendered":"Tod des Komponisten Charles K\u00e1lm\u00e1n"},"content":{"rendered":"<p><span style=\"font-family: arial,helvetica,sans-serif; font-size: small;\">24.02.2015 &#8212; Der \u00f6sterreichische Tonsch\u00f6pfer Charles K\u00e1lm\u00e1n, der Sohn des Operetten-Komponisten Emmerich K\u00e1lm\u00e1n, ist in M\u00fcnchen im Alter von 85 Jahren verstorben. Er hat auch in Bern Spuren hinterlassen.<br \/><\/span><\/p>\n<p><span style=\"font-family: arial,helvetica,sans-serif; font-size: small;\"><strong>24.02.2015 &#8212; Der \u00f6sterreichische Tonsch\u00f6pfer Charles K\u00e1lm\u00e1n, der Sohn des Operetten-Komponisten Emmerich K\u00e1lm\u00e1n, ist in M\u00fcnchen im Alter von 85 Jahren verstorben. <span style=\"font-family: arial,helvetica,sans-serif; font-size: small;\">Er hat auch in Bern Spuren hinterlassen.<\/span><\/strong><\/span><\/p>\n<p><span style=\"font-family: arial,helvetica,sans-serif; font-size: small;\">\u00a0<\/span><\/p>\n<p><span style=\"font-family: arial,helvetica,sans-serif; font-size: small;\">Der 1938 geborene und in Frankreich und den USA aufgewachsene K\u00e1lm\u00e1n schrieb wie sein Vater Operetten, dazu aber auch Musicals und literarische Chansons. Lieder schrieb er unter anderem f\u00fcr Margot Werner, Evelyn K\u00fcnneke, Harald Juhnke und Ute Lemper. <\/span><\/p>\n<p>\u00a0<\/p>\n<p><span style=\"font-family: arial,helvetica,sans-serif; font-size: small;\">F\u00fcr die Schweizer Musikgeschichte bemerkenswert ist die urspr\u00fcnglich von seinem Vater begonnene Oper \u00abArizona Lady\u00bb, die er beendete.\u00a0<span style=\"font-family: arial,helvetica,sans-serif; font-size: small;\">Emmerich K\u00e1lm\u00e1n<\/span> bot sie 1950 dem Opernhaus Z\u00fcrich an, das sie allerdings ablehnte. Sie kam schliesslich nach <span style=\"font-family: arial,helvetica,sans-serif; font-size: small;\">Emmerich K\u00e1lm\u00e1<\/span>ns Tod am 14. Februar 1954 in Bern zur Urauff\u00fchrung. <em>(cf)<\/em><\/span><\/p>\n<p><span style=\"font-family: arial,helvetica,sans-serif; font-size: small;\">\u00a0<\/span><\/p>\n","protected":false},"excerpt":{"rendered":"<p><span style=\"font-family: arial,helvetica,sans-serif; font-size: small;\">24.02.2015 &#8212; Der \u00f6sterreichische Tonsch\u00f6pfer Charles K\u00e1lm\u00e1n, der Sohn des Operetten-Komponisten Emmerich K\u00e1lm\u00e1n, ist in M\u00fcnchen im Alter von 85 Jahren verstorben. Er hat auch in Bern Spuren hinterlassen.<br \/><\/span><\/p>\n","protected":false},"author":1,"featured_media":0,"comment_status":"open","ping_status":"open","sticky":false,"template":"","format":"standard","meta":{"footnotes":""},"categories":[2],"tags":[],"class_list":["post-2123","post","type-post","status-publish","format-standard","hentry","category-nachrichten","entry"],"_links":{"self":[{"href":"https:\/\/codexflores.ch\/index.php\/wp-json\/wp\/v2\/posts\/2123","targetHints":{"allow":["GET"]}}],"collection":[{"href":"https:\/\/codexflores.ch\/index.php\/wp-json\/wp\/v2\/posts"}],"about":[{"href":"https:\/\/codexflores.ch\/index.php\/wp-json\/wp\/v2\/types\/post"}],"author":[{"embeddable":true,"href":"https:\/\/codexflores.ch\/index.php\/wp-json\/wp\/v2\/users\/1"}],"replies":[{"embeddable":true,"href":"https:\/\/codexflores.ch\/index.php\/wp-json\/wp\/v2\/comments?post=2123"}],"version-history":[{"count":0,"href":"https:\/\/codexflores.ch\/index.php\/wp-json\/wp\/v2\/posts\/2123\/revisions"}],"wp:attachment":[{"href":"https:\/\/codexflores.ch\/index.php\/wp-json\/wp\/v2\/media?parent=2123"}],"wp:term":[{"taxonomy":"category","embeddable":true,"href":"https:\/\/codexflores.ch\/index.php\/wp-json\/wp\/v2\/categories?post=2123"},{"taxonomy":"post_tag","embeddable":true,"href":"https:\/\/codexflores.ch\/index.php\/wp-json\/wp\/v2\/tags?post=2123"}],"curies":[{"name":"wp","href":"https:\/\/api.w.org\/{rel}","templated":true}]}}