{"id":2126,"date":"2015-02-25T06:41:40","date_gmt":"2015-02-25T06:41:40","guid":{"rendered":"https:\/\/codexflores.ch\/index.php\/2015\/02\/25\/stiftung-haendel-haus-erwirbt-mutmassliches-haendel-portraet\/"},"modified":"2015-02-25T06:41:40","modified_gmt":"2015-02-25T06:41:40","slug":"stiftung-haendel-haus-erwirbt-mutmassliches-haendel-portraet","status":"publish","type":"post","link":"https:\/\/codexflores.ch\/index.php\/2015\/02\/25\/stiftung-haendel-haus-erwirbt-mutmassliches-haendel-portraet\/","title":{"rendered":"Stiftung H\u00e4ndel-Haus erwirbt mutmassliches H\u00e4ndel-Portr\u00e4t"},"content":{"rendered":"<p><span style=\"font-family: arial,helvetica,sans-serif; font-size: small;\">25.02.2015 &#8212; Die Stiftung H\u00e4ndel-Haus hat ein Portr\u00e4t ersteigert, das nach ersten Untersuchungen mit grosser Wahrscheinlichkeit Georg Friedrich H\u00e4ndel darstellt.<\/span><\/p>\n<p><span style=\"font-family: arial,helvetica,sans-serif; font-size: small;\"><strong>25.02.2015 &#8212; Die Stiftung H\u00e4ndel-Haus hat ein Portr\u00e4t ersteigert, das nach ersten Untersuchungen mit grosser Wahrscheinlichkeit Georg Friedrich H\u00e4ndel darstellt.<\/strong><\/span><\/p>\n<p><span style=\"font-family: arial,helvetica,sans-serif; font-size: small;\">\u00a0<\/span><\/p>\n<p><span style=\"font-family: arial,helvetica,sans-serif; font-size: small;\">Das Gem\u00e4lde, das sich bisher in Privatbesitz befand, soll in einer Woche erstmals der \u00d6ffentlichkeit zug\u00e4nglich gemacht werden. Bis Ende M\u00e4rz ist es schliesslich in Halle im H\u00e4ndel-Haus ausgestellt. Anschliessend wird es genauer kunsthistorisch untersucht.\u00a0<\/span><\/p>\n<p><span style=\"font-family: arial,helvetica,sans-serif; font-size: small;\">\u00a0<\/span><\/p>\n<p><span style=\"font-family: arial,helvetica,sans-serif; font-size: small;\">2014 war f\u00fcr die Stiftung H\u00e4ndel-Haus mit ihren beiden Museen, dem H\u00e4ndel-Haus und dem Wilhelm-Friedemann-Bach-Haus erfolgreich. Im sechsten Jahr nach Er\u00f6ffnung der vollkommen neu gestalteten Dauerausstellung <em>H\u00e4ndel \u2013 der Europ\u00e4er<\/em> breche das Interesse an den Ausstellungen nicht ab, schreibt die Stiftung. Die Besucherzahlen seine mit insgesamt rund 33&#8217;000 Personen aus aller Welt, die die beiden Museen in Halle (Saale) besuchten, auf konstant hohem Niveau geblieben. <em>(cf)<\/em><\/span><\/p>\n<p><span style=\"font-family: arial,helvetica,sans-serif; font-size: small;\">\u00a0<\/span><\/p>\n","protected":false},"excerpt":{"rendered":"<p><span style=\"font-family: arial,helvetica,sans-serif; font-size: small;\">25.02.2015 &#8212; Die Stiftung H\u00e4ndel-Haus hat ein Portr\u00e4t ersteigert, das nach ersten Untersuchungen mit grosser Wahrscheinlichkeit Georg Friedrich H\u00e4ndel darstellt.<\/span><\/p>\n","protected":false},"author":1,"featured_media":0,"comment_status":"open","ping_status":"open","sticky":false,"template":"","format":"standard","meta":{"footnotes":""},"categories":[2],"tags":[],"class_list":["post-2126","post","type-post","status-publish","format-standard","hentry","category-nachrichten","entry"],"_links":{"self":[{"href":"https:\/\/codexflores.ch\/index.php\/wp-json\/wp\/v2\/posts\/2126","targetHints":{"allow":["GET"]}}],"collection":[{"href":"https:\/\/codexflores.ch\/index.php\/wp-json\/wp\/v2\/posts"}],"about":[{"href":"https:\/\/codexflores.ch\/index.php\/wp-json\/wp\/v2\/types\/post"}],"author":[{"embeddable":true,"href":"https:\/\/codexflores.ch\/index.php\/wp-json\/wp\/v2\/users\/1"}],"replies":[{"embeddable":true,"href":"https:\/\/codexflores.ch\/index.php\/wp-json\/wp\/v2\/comments?post=2126"}],"version-history":[{"count":0,"href":"https:\/\/codexflores.ch\/index.php\/wp-json\/wp\/v2\/posts\/2126\/revisions"}],"wp:attachment":[{"href":"https:\/\/codexflores.ch\/index.php\/wp-json\/wp\/v2\/media?parent=2126"}],"wp:term":[{"taxonomy":"category","embeddable":true,"href":"https:\/\/codexflores.ch\/index.php\/wp-json\/wp\/v2\/categories?post=2126"},{"taxonomy":"post_tag","embeddable":true,"href":"https:\/\/codexflores.ch\/index.php\/wp-json\/wp\/v2\/tags?post=2126"}],"curies":[{"name":"wp","href":"https:\/\/api.w.org\/{rel}","templated":true}]}}