{"id":2127,"date":"2015-02-25T07:06:46","date_gmt":"2015-02-25T07:06:46","guid":{"rendered":"https:\/\/codexflores.ch\/index.php\/2015\/02\/25\/aus-fuer-das-kammerorchester-der-energiewirtschaft\/"},"modified":"2015-02-25T07:06:46","modified_gmt":"2015-02-25T07:06:46","slug":"aus-fuer-das-kammerorchester-der-energiewirtschaft","status":"publish","type":"post","link":"https:\/\/codexflores.ch\/index.php\/2015\/02\/25\/aus-fuer-das-kammerorchester-der-energiewirtschaft\/","title":{"rendered":"Aus f\u00fcr das Kammerorchester der Energiewirtschaft"},"content":{"rendered":"<p><span style=\"font-family: arial,helvetica,sans-serif; font-size: small;\">25.02.2015 &#8212; Energiewende der dritten Art: Die deutsche Camerata Nucleare, das 1986 von Kernkrafttechnikern gegr\u00fcndete \u00abKammerorchester der Energiewirtschaft\u00bb, hat sich selber den Stecker gezogen.<\/span><\/p>\n<p><span style=\"font-family: arial,helvetica,sans-serif; font-size: small;\"><strong>25.02.2015 &#8212; Energiewende der dritten Art: Die deutsche Camerata Nucleare, das 1986 von Kernkrafttechnikern gegr\u00fcndete \u00abKammerorchester der Energiewirtschaft\u00bb, hat sich selber den Stecker gezogen.<\/strong><\/span><\/p>\n<p>\u00a0<\/p>\n<p><span style=\"font-family: arial,helvetica,sans-serif; font-size: small;\">Das qualitativ hochstehende Amateurorchester, welches das Ansehen der nach Tschernobyl angeschlagenen Atomindustrie verbessern sollte, hat offenbar ausgedient und wird geordnet zur\u00fcckgebaut. Es hat sein letztes Konzert gegeben, sinnigerweise mit Schuberts \u00abUnvollendeter\u00bb.<\/span><\/p>\n<p>\u00a0<\/p>\n<p align=\"left\"><span style=\"font-family: arial,helvetica,sans-serif; font-size: small;\">Laut Eigencharakterisierung ist die Camerata Nucleare seit ihrer Gr\u00fcndung unter der Leitung von Jaroslav Opela, einem Meistersch\u00fcler von Rafael Kubelik, in zahlreichen St\u00e4dten Deutschlands und Europas aufgetreten. Sie hat \u00fcberdies vier CD eingespielt. Das Ensemble finanzierte sich \u00abim Wesentlichen aus Mitgliedsbeitr\u00e4gen, Konzerteinnahmen und dem Verkauf der CD, aber auch durch Spenden der in der Energiewirtschaft t\u00e4tigen Firmen\u00bb. <em>(cf)<\/em><br \/><\/span><\/p>\n<p align=\"left\"><span style=\"font-family: arial,helvetica,sans-serif; font-size: small;\">\u00a0<\/span><\/p>\n<p align=\"left\"><span style=\"font-family: arial,helvetica,sans-serif; font-size: small;\">\u00a0<\/span><\/p>\n<p>\u00a0<\/p>\n","protected":false},"excerpt":{"rendered":"<p><span style=\"font-family: arial,helvetica,sans-serif; font-size: small;\">25.02.2015 &#8212; Energiewende der dritten Art: Die deutsche Camerata Nucleare, das 1986 von Kernkrafttechnikern gegr\u00fcndete \u00abKammerorchester der Energiewirtschaft\u00bb, hat sich selber den Stecker gezogen.<\/span><\/p>\n","protected":false},"author":1,"featured_media":0,"comment_status":"open","ping_status":"open","sticky":false,"template":"","format":"standard","meta":{"footnotes":""},"categories":[2],"tags":[],"class_list":["post-2127","post","type-post","status-publish","format-standard","hentry","category-nachrichten","entry"],"_links":{"self":[{"href":"https:\/\/codexflores.ch\/index.php\/wp-json\/wp\/v2\/posts\/2127","targetHints":{"allow":["GET"]}}],"collection":[{"href":"https:\/\/codexflores.ch\/index.php\/wp-json\/wp\/v2\/posts"}],"about":[{"href":"https:\/\/codexflores.ch\/index.php\/wp-json\/wp\/v2\/types\/post"}],"author":[{"embeddable":true,"href":"https:\/\/codexflores.ch\/index.php\/wp-json\/wp\/v2\/users\/1"}],"replies":[{"embeddable":true,"href":"https:\/\/codexflores.ch\/index.php\/wp-json\/wp\/v2\/comments?post=2127"}],"version-history":[{"count":0,"href":"https:\/\/codexflores.ch\/index.php\/wp-json\/wp\/v2\/posts\/2127\/revisions"}],"wp:attachment":[{"href":"https:\/\/codexflores.ch\/index.php\/wp-json\/wp\/v2\/media?parent=2127"}],"wp:term":[{"taxonomy":"category","embeddable":true,"href":"https:\/\/codexflores.ch\/index.php\/wp-json\/wp\/v2\/categories?post=2127"},{"taxonomy":"post_tag","embeddable":true,"href":"https:\/\/codexflores.ch\/index.php\/wp-json\/wp\/v2\/tags?post=2127"}],"curies":[{"name":"wp","href":"https:\/\/api.w.org\/{rel}","templated":true}]}}