{"id":2130,"date":"2015-02-26T07:04:11","date_gmt":"2015-02-26T07:04:11","guid":{"rendered":"https:\/\/codexflores.ch\/index.php\/2015\/02\/26\/ard-setzt-musikvermittlungsprojekt-fort\/"},"modified":"2015-02-26T07:04:11","modified_gmt":"2015-02-26T07:04:11","slug":"ard-setzt-musikvermittlungsprojekt-fort","status":"publish","type":"post","link":"https:\/\/codexflores.ch\/index.php\/2015\/02\/26\/ard-setzt-musikvermittlungsprojekt-fort\/","title":{"rendered":"ARD setzt Musikvermittlungsprojekt fort"},"content":{"rendered":"<p>26.02.2015 &#8212; Dier ARD setzt ein bundesweites Musikvermittlungsprojekt fort. Nach dem Start mit \u00abDvo\u0159\u00e0k-Experiment \u2013 Ein ARD-Konzert macht Schule\u00bb wird die Zusammenarbeit aller Landesrundfunkanstalten und des Deutschen Musikrats mit einem \u00abGershwin-Experiment\u00bb fortgesetzt.<\/p>\n<p><strong>26.02.2015 &#8212; Dier ARD setzt ein bundesweites Musikvermittlungsprojekt fort. Nach dem Start mit \u00abDvo\u0159\u00e0k-Experiment \u2013 Ein ARD-Konzert macht Schule\u00bb wird die Zusammenarbeit aller Landesrundfunkanstalten und des Deutschen Musikrats mit einem \u00abGershwin-Experiment\u00bb fortgesetzt.<\/strong><\/p>\n<p>\u00a0<\/p>\n<p>Nach dem NDR 2014 \u00fcbernimmt in diesem Jahr der Bayerische Rundfunk die Federf\u00fchrung des Projekts, mit dem Sch\u00fclerinnen und Sch\u00fcler in ganz Deutschland f\u00fcr klassische Musik begeistert werden sollen.<\/p>\n<p>\u00a0<\/p>\n<p>H\u00f6hepunkt des Projektes ist am 12. November 2015 ein Konzert mit dem Symphonieorchester des Bayerischen Rundfunks. Es wird die <em>Rhapsody in Blue<\/em> von George Gershwin und den 4. Satz des <em>Concert Romanesc<\/em> von Gy\u00f6rgy Ligeti spielen, mit Denis Matsuev als Solist. Das Konzert im Herkulessaal der M\u00fcnchner Residenz wird live in allen Kulturprogrammen der ARD sowie im Deutschlandradio \u00fcbertragen.<\/p>\n<p>\u00a0<\/p>\n<p>Sch\u00fcler und Sch\u00fclerinnen k\u00f6nnen sich mit Unterrichtsmaterial, das auf der Seite schulkonzert.ard.de angeboten wird, auf das Konzert vorbereiten, im Unterricht St\u00fccke erarbeiten oder Projekte gemeinsam mit ihren Lehrern entwickeln.<em> (cf)<\/em><\/p>\n","protected":false},"excerpt":{"rendered":"<p>26.02.2015 &#8212; Dier ARD setzt ein bundesweites Musikvermittlungsprojekt fort. Nach dem Start mit \u00abDvo\u0159\u00e0k-Experiment \u2013 Ein ARD-Konzert macht Schule\u00bb wird die Zusammenarbeit aller Landesrundfunkanstalten und des Deutschen Musikrats mit einem \u00abGershwin-Experiment\u00bb fortgesetzt.<\/p>\n","protected":false},"author":1,"featured_media":0,"comment_status":"open","ping_status":"open","sticky":false,"template":"","format":"standard","meta":{"footnotes":""},"categories":[2],"tags":[],"class_list":["post-2130","post","type-post","status-publish","format-standard","hentry","category-nachrichten","entry"],"_links":{"self":[{"href":"https:\/\/codexflores.ch\/index.php\/wp-json\/wp\/v2\/posts\/2130","targetHints":{"allow":["GET"]}}],"collection":[{"href":"https:\/\/codexflores.ch\/index.php\/wp-json\/wp\/v2\/posts"}],"about":[{"href":"https:\/\/codexflores.ch\/index.php\/wp-json\/wp\/v2\/types\/post"}],"author":[{"embeddable":true,"href":"https:\/\/codexflores.ch\/index.php\/wp-json\/wp\/v2\/users\/1"}],"replies":[{"embeddable":true,"href":"https:\/\/codexflores.ch\/index.php\/wp-json\/wp\/v2\/comments?post=2130"}],"version-history":[{"count":0,"href":"https:\/\/codexflores.ch\/index.php\/wp-json\/wp\/v2\/posts\/2130\/revisions"}],"wp:attachment":[{"href":"https:\/\/codexflores.ch\/index.php\/wp-json\/wp\/v2\/media?parent=2130"}],"wp:term":[{"taxonomy":"category","embeddable":true,"href":"https:\/\/codexflores.ch\/index.php\/wp-json\/wp\/v2\/categories?post=2130"},{"taxonomy":"post_tag","embeddable":true,"href":"https:\/\/codexflores.ch\/index.php\/wp-json\/wp\/v2\/tags?post=2130"}],"curies":[{"name":"wp","href":"https:\/\/api.w.org\/{rel}","templated":true}]}}