{"id":2134,"date":"2015-03-02T06:45:27","date_gmt":"2015-03-02T06:45:27","guid":{"rendered":"https:\/\/codexflores.ch\/index.php\/2015\/03\/02\/kaftan-mit-boehm-interpretationspreis-geehrt\/"},"modified":"2015-03-02T06:45:27","modified_gmt":"2015-03-02T06:45:27","slug":"kaftan-mit-boehm-interpretationspreis-geehrt","status":"publish","type":"post","link":"https:\/\/codexflores.ch\/index.php\/2015\/03\/02\/kaftan-mit-boehm-interpretationspreis-geehrt\/","title":{"rendered":"Kaftan mit B\u00f6hm-Interpretationspreis geehrt"},"content":{"rendered":"<p><span style=\"font-family: arial,helvetica,sans-serif; font-size: small;\">02.03.2015 &#8212; <span style=\"font-family: arial,helvetica,sans-serif; font-size: small;\">Dirk Kaftan,<\/span> der Chefdirigent der Grazer Oper und des Grazer Philharmonischen Orchesters,\u00a0 erh\u00e4lt den Karl-B\u00f6hm-Interpretationspreis 2015 des Landes Steiermark.<\/span><\/p>\n<p><strong><span style=\"font-family: arial,helvetica,sans-serif; font-size: small;\">02.03.2015 &#8212;\u00a0<span style=\"font-family: arial,helvetica,sans-serif; font-size: small;\"><span style=\"font-family: arial,helvetica,sans-serif; font-size: small;\">Dirk Kaftan,<\/span> der Chefdirigent der Grazer Oper und des Grazer Philharmonischen Orchesters,\u00a0 erh\u00e4lt den Karl-B\u00f6hm-Interpretationspreis 2015 des Landes Steiermark.<\/span><\/span><\/strong><\/p>\n<p><span style=\"font-family: arial,helvetica,sans-serif; font-size: small;\">\u00a0<\/span><\/p>\n<p><span style=\"font-family: arial,helvetica,sans-serif; font-size: small;\">Kaftan beherrsche ein sehr breites Repertoire souver\u00e4n, hiesst es unter anderem in der Begr\u00fcndung der Jury. Er gehe aktiv auf das Publikum zu und setze sich nachhaltig f\u00fcr eine Erweiterung des sinfonischen und musiktheatralischen Repertoires ein. <\/span><\/p>\n<p>\u00a0<\/p>\n<p><span style=\"font-family: arial,helvetica,sans-serif; font-size: small;\">Der Preis, der dem in Graz geborenen Dirigenten Karl B\u00f6hm gewidmet ist und mit 10&#8217;000 Euro dotiert ist, wird seit 1998 alle drei Jahre vergeben. <\/span><\/p>\n<p>\u00a0<\/p>\n<p><span style=\"font-family: arial,helvetica,sans-serif; font-size: small;\">Dirk Kaftan kam 1972 in Wittlich (Deutschland) zur Welt und war in Graz als Erster Kapellmeister und Stellvertreter des Chefdirigenten t\u00e4tig, bevor er 2009 Generalmusikdirektor in Augsburg wurde; seit 2013 ist Kaftan Chefdirigent der Grazer Oper und des Grazer Philharmonischen Orchesters. <em>(cf)<\/em><\/span><\/p>\n","protected":false},"excerpt":{"rendered":"<p><span style=\"font-family: arial,helvetica,sans-serif; font-size: small;\">02.03.2015 &#8212; <span style=\"font-family: arial,helvetica,sans-serif; font-size: small;\">Dirk Kaftan,<\/span> der Chefdirigent der Grazer Oper und des Grazer Philharmonischen Orchesters,\u00a0 erh\u00e4lt den Karl-B\u00f6hm-Interpretationspreis 2015 des Landes Steiermark.<\/span><\/p>\n","protected":false},"author":1,"featured_media":0,"comment_status":"open","ping_status":"open","sticky":false,"template":"","format":"standard","meta":{"footnotes":""},"categories":[2],"tags":[],"class_list":["post-2134","post","type-post","status-publish","format-standard","hentry","category-nachrichten","entry"],"_links":{"self":[{"href":"https:\/\/codexflores.ch\/index.php\/wp-json\/wp\/v2\/posts\/2134","targetHints":{"allow":["GET"]}}],"collection":[{"href":"https:\/\/codexflores.ch\/index.php\/wp-json\/wp\/v2\/posts"}],"about":[{"href":"https:\/\/codexflores.ch\/index.php\/wp-json\/wp\/v2\/types\/post"}],"author":[{"embeddable":true,"href":"https:\/\/codexflores.ch\/index.php\/wp-json\/wp\/v2\/users\/1"}],"replies":[{"embeddable":true,"href":"https:\/\/codexflores.ch\/index.php\/wp-json\/wp\/v2\/comments?post=2134"}],"version-history":[{"count":0,"href":"https:\/\/codexflores.ch\/index.php\/wp-json\/wp\/v2\/posts\/2134\/revisions"}],"wp:attachment":[{"href":"https:\/\/codexflores.ch\/index.php\/wp-json\/wp\/v2\/media?parent=2134"}],"wp:term":[{"taxonomy":"category","embeddable":true,"href":"https:\/\/codexflores.ch\/index.php\/wp-json\/wp\/v2\/categories?post=2134"},{"taxonomy":"post_tag","embeddable":true,"href":"https:\/\/codexflores.ch\/index.php\/wp-json\/wp\/v2\/tags?post=2134"}],"curies":[{"name":"wp","href":"https:\/\/api.w.org\/{rel}","templated":true}]}}