{"id":2139,"date":"2015-03-03T10:18:04","date_gmt":"2015-03-03T10:18:04","guid":{"rendered":"https:\/\/codexflores.ch\/index.php\/2015\/03\/03\/beck-wird-intendant-des-carinthischen-sommers\/"},"modified":"2015-03-03T10:18:04","modified_gmt":"2015-03-03T10:18:04","slug":"beck-wird-intendant-des-carinthischen-sommers","status":"publish","type":"post","link":"https:\/\/codexflores.ch\/index.php\/2015\/03\/03\/beck-wird-intendant-des-carinthischen-sommers\/","title":{"rendered":"Bleck wird Intendant des Carinthischen Sommers"},"content":{"rendered":"<p><span style=\"font-family: arial,helvetica,sans-serif; font-size: small;\">03.03.2015 &#8212; Der deutsche Musikwissenschaftler Holger Bleck wird ab 2016 in \u00d6sterreich Intendant des Carinthischen Sommers. Er folgt in dieser Funktion auf Thomas Daniel Schlee.<\/span><\/p>\n<p><strong><span style=\"font-family: arial,helvetica,sans-serif; font-size: small;\">03.03.2015 &#8212; Der deutsche Musikwissenschaftler Holger Bleck wird ab 2016 in \u00d6sterreich Intendant des Carinthischen Sommers. Er folgt in dieser Funktion auf Thomas Daniel Schlee.<\/span><\/strong><\/p>\n<p>\u00a0<\/p>\n<p><span style=\"font-family: arial,helvetica,sans-serif; font-size: small;\">Der 53-j\u00e4hrige Bleck ist zur Zeit Gesch\u00e4ftsf\u00fchrer und Vorstandsvorsitzender des Internationalen Hans Gabor Belvedere &#8211; Gesangswettbewerbs und fungiert dar\u00fcber hinaus als selbstst\u00e4ndiger Kulturmanager. Zudem war er mehrere Jahre k\u00fcnstlerischer und kaufm\u00e4nnischer Leiter der Wiener Kammeroper. <\/span><\/p>\n<p><span style=\"font-family: arial,helvetica,sans-serif; font-size: small;\">\u00a0<\/span><\/p>\n<p><span style=\"font-family: arial,helvetica,sans-serif; font-size: small;\">Ebenso wirkte er unter anderem auch als Projektleiter des Opern-Air-Festivals <em>Mozart in Sch\u00f6nbrunn<\/em> in Wien. Bleck setzte sich gegen 63 Mitbewerberinnen und -bewerber durch. <em>(cf)<\/em><\/span><\/p>\n<p><span style=\"font-family: arial,helvetica,sans-serif; font-size: small;\">\u00a0<\/span><\/p>\n","protected":false},"excerpt":{"rendered":"<p><span style=\"font-family: arial,helvetica,sans-serif; font-size: small;\">03.03.2015 &#8212; Der deutsche Musikwissenschaftler Holger Bleck wird ab 2016 in \u00d6sterreich Intendant des Carinthischen Sommers. Er folgt in dieser Funktion auf Thomas Daniel Schlee.<\/span><\/p>\n","protected":false},"author":1,"featured_media":0,"comment_status":"open","ping_status":"open","sticky":false,"template":"","format":"standard","meta":{"footnotes":""},"categories":[2],"tags":[],"class_list":["post-2139","post","type-post","status-publish","format-standard","hentry","category-nachrichten","entry"],"_links":{"self":[{"href":"https:\/\/codexflores.ch\/index.php\/wp-json\/wp\/v2\/posts\/2139","targetHints":{"allow":["GET"]}}],"collection":[{"href":"https:\/\/codexflores.ch\/index.php\/wp-json\/wp\/v2\/posts"}],"about":[{"href":"https:\/\/codexflores.ch\/index.php\/wp-json\/wp\/v2\/types\/post"}],"author":[{"embeddable":true,"href":"https:\/\/codexflores.ch\/index.php\/wp-json\/wp\/v2\/users\/1"}],"replies":[{"embeddable":true,"href":"https:\/\/codexflores.ch\/index.php\/wp-json\/wp\/v2\/comments?post=2139"}],"version-history":[{"count":0,"href":"https:\/\/codexflores.ch\/index.php\/wp-json\/wp\/v2\/posts\/2139\/revisions"}],"wp:attachment":[{"href":"https:\/\/codexflores.ch\/index.php\/wp-json\/wp\/v2\/media?parent=2139"}],"wp:term":[{"taxonomy":"category","embeddable":true,"href":"https:\/\/codexflores.ch\/index.php\/wp-json\/wp\/v2\/categories?post=2139"},{"taxonomy":"post_tag","embeddable":true,"href":"https:\/\/codexflores.ch\/index.php\/wp-json\/wp\/v2\/tags?post=2139"}],"curies":[{"name":"wp","href":"https:\/\/api.w.org\/{rel}","templated":true}]}}