{"id":2140,"date":"2015-03-04T06:32:37","date_gmt":"2015-03-04T06:32:37","guid":{"rendered":"https:\/\/codexflores.ch\/index.php\/2015\/03\/04\/rattle-wird-musikdirektor-des-london-symphony-orchestra\/"},"modified":"2015-03-04T06:32:37","modified_gmt":"2015-03-04T06:32:37","slug":"rattle-wird-musikdirektor-des-london-symphony-orchestra","status":"publish","type":"post","link":"https:\/\/codexflores.ch\/index.php\/2015\/03\/04\/rattle-wird-musikdirektor-des-london-symphony-orchestra\/","title":{"rendered":"Rattle wird Musikdirektor des London Symphony Orchestra"},"content":{"rendered":"<p><span style=\"font-family: arial,helvetica,sans-serif; font-size: small;\">04.03.2015 &#8212; Nun wissen wir, was Simon Rattle, der abtretende Chef der Berliner Philharmoniker in Zukunft schwergewichtig machen wird: Er wird im September 2017 Musikdirektor <span class=\"article__header__headline\">des London Symphony Orchestra<\/span>.<\/span><\/p>\n<p><span style=\"font-family: arial,helvetica,sans-serif; font-size: small;\"><strong>04.03.2015 &#8212; Nun wissen wir, was Simon Rattle, der abtretende Chef der Berliner Philharmoniker in Zukunft schwergewichtig machen wird: Er wird im September 2017 Musikdirektor <span class=\"article__header__headline\">des London Symphony Orchestra<\/span>.<\/strong><\/span><\/p>\n<p>\u00a0<\/p>\n<p><span style=\"font-family: arial,helvetica,sans-serif; font-size: small;\">Rattle ist seit 2002 Leiter der Berliner Philharmoniker und hat seinen Vertrag, der 2018 ausl\u00e4uft, nicht mehr verl\u00e4ngert. Das Orchester wid am 11. Mai seinen Nachfolger w\u00e4hlen. <\/span><\/p>\n<p>\u00a0<\/p>\n<p><span style=\"font-family: arial,helvetica,sans-serif; font-size: small;\">Laut Pressemeldungen wird Rattle von Herbst 2017 bis zum offiziellen Abschied in Berlin in beiden St\u00e4dten aktiv sein. Von der Saison 2017\/18 werde er neun Wochen in London verbringen. Seinen Wohnsitz will er aber offenbar nicht verlegen. Er bleibt auch nach dem Jobwechsel mit der Familie \u2013 Rattle ist mit der S\u00e4ngerin Magdalena Ko\u017een\u00e1 verheiratet\u00a0\u2013 in Berlin. <em>(cf)<\/em><\/span><\/p>\n<p>\u00a0<\/p>\n","protected":false},"excerpt":{"rendered":"<p><span style=\"font-family: arial,helvetica,sans-serif; font-size: small;\">04.03.2015 &#8212; Nun wissen wir, was Simon Rattle, der abtretende Chef der Berliner Philharmoniker in Zukunft schwergewichtig machen wird: Er wird im September 2017 Musikdirektor <span class=\"article__header__headline\">des London Symphony Orchestra<\/span>.<\/span><\/p>\n","protected":false},"author":1,"featured_media":0,"comment_status":"open","ping_status":"open","sticky":false,"template":"","format":"standard","meta":{"footnotes":""},"categories":[2],"tags":[],"class_list":["post-2140","post","type-post","status-publish","format-standard","hentry","category-nachrichten","entry"],"_links":{"self":[{"href":"https:\/\/codexflores.ch\/index.php\/wp-json\/wp\/v2\/posts\/2140","targetHints":{"allow":["GET"]}}],"collection":[{"href":"https:\/\/codexflores.ch\/index.php\/wp-json\/wp\/v2\/posts"}],"about":[{"href":"https:\/\/codexflores.ch\/index.php\/wp-json\/wp\/v2\/types\/post"}],"author":[{"embeddable":true,"href":"https:\/\/codexflores.ch\/index.php\/wp-json\/wp\/v2\/users\/1"}],"replies":[{"embeddable":true,"href":"https:\/\/codexflores.ch\/index.php\/wp-json\/wp\/v2\/comments?post=2140"}],"version-history":[{"count":0,"href":"https:\/\/codexflores.ch\/index.php\/wp-json\/wp\/v2\/posts\/2140\/revisions"}],"wp:attachment":[{"href":"https:\/\/codexflores.ch\/index.php\/wp-json\/wp\/v2\/media?parent=2140"}],"wp:term":[{"taxonomy":"category","embeddable":true,"href":"https:\/\/codexflores.ch\/index.php\/wp-json\/wp\/v2\/categories?post=2140"},{"taxonomy":"post_tag","embeddable":true,"href":"https:\/\/codexflores.ch\/index.php\/wp-json\/wp\/v2\/tags?post=2140"}],"curies":[{"name":"wp","href":"https:\/\/api.w.org\/{rel}","templated":true}]}}