{"id":2141,"date":"2015-03-04T06:43:24","date_gmt":"2015-03-04T06:43:24","guid":{"rendered":"https:\/\/codexflores.ch\/index.php\/2015\/03\/04\/domingo-wird-den-grafen-luna-nicht-mehr-singen\/"},"modified":"2015-03-04T06:43:24","modified_gmt":"2015-03-04T06:43:24","slug":"domingo-wird-den-grafen-luna-nicht-mehr-singen","status":"publish","type":"post","link":"https:\/\/codexflores.ch\/index.php\/2015\/03\/04\/domingo-wird-den-grafen-luna-nicht-mehr-singen\/","title":{"rendered":"Domingo wird den Grafen Luna nicht mehr singen"},"content":{"rendered":"<p><span style=\"font-family: arial,helvetica,sans-serif; font-size: small;\">04.03.2015 &#8212; Pl\u00e1cido Domingo streicht den Grafen Luna aus Verdis Oper <em>Il Trovatore, <\/em>den er zuletzt neben\u00a0Anna Netrebko in Berlin und Salzburg gegeben hat, aus seinem Repertoire. Das bedeutet, dass in Berlin, Mailand und Salzburg, wo er damit noch gebucht w\u00e4re, umgedacht werden muss.<\/span><\/p>\n<p>\u00a0<\/p>\n<p><span style=\"font-family: arial,helvetica,sans-serif; font-size: small;\"><strong>04.03.2015 &#8212; Pl\u00e1cido Domingo streicht den Grafen Luna aus Verdis Oper <em>Il Trovatore, <\/em>den er zuletzt neben\u00a0Anna Netrebko in Berlin und Salzburg gegeben hat, aus seinem Repertoire. Das bedeutet, dass in Berlin, Mailand und Salzburg, wo er damit noch gebucht w\u00e4re, umgedacht werden muss.<\/strong><\/span><\/p>\n<p>\u00a0<\/p>\n<p><span style=\"font-family: arial,helvetica,sans-serif; font-size: small;\">Bei den Salzburger Festspielen \u00fcbernimmt in der Wiederaufnahme der Inszenierung der polnische Bariton Artur Rucinski Domingos Rolle. Am 30. Juli feiert Domingo in Salzburg daf\u00fcr sein 40-Jahre-Jubil\u00e4um bei den Festspielen. 1975 deb\u00fctierte er dort unter Herbert von Karajan als Titelheld in Verdis <em>Don Carlo<\/em>. <em>(cf)<\/em><\/span><\/p>\n","protected":false},"excerpt":{"rendered":"<p><span style=\"font-family: arial,helvetica,sans-serif; font-size: small;\">04.03.2015 &#8212; Pl\u00e1cido Domingo streicht den Grafen Luna aus Verdis Oper <em>Il Trovatore, <\/em>den er zuletzt neben\u00a0Anna Netrebko in Berlin und Salzburg gegeben hat, aus seinem Repertoire. Das bedeutet, dass in Berlin, Mailand und Salzburg, wo er damit noch gebucht w\u00e4re, umgedacht werden muss.<\/span><\/p>\n","protected":false},"author":1,"featured_media":0,"comment_status":"open","ping_status":"open","sticky":false,"template":"","format":"standard","meta":{"footnotes":""},"categories":[2],"tags":[],"class_list":["post-2141","post","type-post","status-publish","format-standard","hentry","category-nachrichten","entry"],"_links":{"self":[{"href":"https:\/\/codexflores.ch\/index.php\/wp-json\/wp\/v2\/posts\/2141","targetHints":{"allow":["GET"]}}],"collection":[{"href":"https:\/\/codexflores.ch\/index.php\/wp-json\/wp\/v2\/posts"}],"about":[{"href":"https:\/\/codexflores.ch\/index.php\/wp-json\/wp\/v2\/types\/post"}],"author":[{"embeddable":true,"href":"https:\/\/codexflores.ch\/index.php\/wp-json\/wp\/v2\/users\/1"}],"replies":[{"embeddable":true,"href":"https:\/\/codexflores.ch\/index.php\/wp-json\/wp\/v2\/comments?post=2141"}],"version-history":[{"count":0,"href":"https:\/\/codexflores.ch\/index.php\/wp-json\/wp\/v2\/posts\/2141\/revisions"}],"wp:attachment":[{"href":"https:\/\/codexflores.ch\/index.php\/wp-json\/wp\/v2\/media?parent=2141"}],"wp:term":[{"taxonomy":"category","embeddable":true,"href":"https:\/\/codexflores.ch\/index.php\/wp-json\/wp\/v2\/categories?post=2141"},{"taxonomy":"post_tag","embeddable":true,"href":"https:\/\/codexflores.ch\/index.php\/wp-json\/wp\/v2\/tags?post=2141"}],"curies":[{"name":"wp","href":"https:\/\/api.w.org\/{rel}","templated":true}]}}