{"id":2142,"date":"2015-03-04T21:11:03","date_gmt":"2015-03-04T21:11:03","guid":{"rendered":"https:\/\/codexflores.ch\/index.php\/2015\/03\/04\/haendel-haus-ersteigert-bisher-unbekanntes-haendel-portraet\/"},"modified":"2015-03-04T21:11:03","modified_gmt":"2015-03-04T21:11:03","slug":"haendel-haus-ersteigert-bisher-unbekanntes-haendel-portraet","status":"publish","type":"post","link":"https:\/\/codexflores.ch\/index.php\/2015\/03\/04\/haendel-haus-ersteigert-bisher-unbekanntes-haendel-portraet\/","title":{"rendered":"H\u00e4ndel-Haus ersteigert bisher unbekanntes H\u00e4ndel-Portr\u00e4t"},"content":{"rendered":"<p><span style=\"font-family: arial,helvetica,sans-serif; font-size: small;\">05.03.2015 &#8212; Die Stiftung H\u00e4ndel-Haus hat ein Portr\u00e4t erworben, bei dem es sich mit h\u00f6chster Wahrscheinlichkeit um Georg Friedrich H\u00e4ndel handelt. Ein direkter Vergleich mit anderen, als authentisch gesicherten H\u00e4ndel-Portr\u00e4ts zeigt die grosse \u00c4hnlichkeit.<\/span><\/p>\n<p><span style=\"font-family: arial,helvetica,sans-serif; font-size: small;\"><strong>05.03.2015 &#8212; Die Stiftung H\u00e4ndel-Haus hat ein Portr\u00e4t erworben, bei dem es sich mit h\u00f6chster Wahrscheinlichkeit um Georg Friedrich H\u00e4ndel handelt. Ein direkter Vergleich mit anderen, als authentisch gesicherten H\u00e4ndel-Portr\u00e4ts zeigt die grosse \u00c4hnlichkeit.<\/strong><\/span><\/p>\n<p>\u00a0<\/p>\n<p><span style=\"font-family: arial,helvetica,sans-serif; font-size: small;\"><span style=\"font-family: arial,helvetica,sans-serif; font-size: small;\">Die Stiftung H\u00e4ndel-Haus hat das Gem\u00e4lde im November 2014 beim Londoner Auktionshaus Sotheby\u2019s f\u00fcr 6500 britische Pfund ersteigert.<\/span> Dass es sich um ein H\u00e4ndel-Portr\u00e4t handelt, wird durch eine erste Einsch\u00e4tzung verschiedener Experten best\u00e4tigt, unter ihnen der ehemalige H\u00e4ndel-Haus-Direktor Edwin Werner, der international als Experte f\u00fcr H\u00e4ndel-Ikonographie gilt. <br \/><\/span><\/p>\n<p>\u00a0<\/p>\n<p><span style=\"font-family: arial,helvetica,sans-serif; font-size: small;\">Der mit blossem Auge nicht sichtbaren Signatur zufolge k\u00f6nnte das Gem\u00e4lde aus dem Jahr 1734 stammen. Eine erste Einsch\u00e4tzung durch Kunsthistoriker best\u00e4tigt eine Datierung ins 18. Jahrhundert. F\u00fcr die Datierung 1734 spricht auch das Aussehen des portraitierten H\u00e4ndels, der damals knapp 50 Jahre alt war.<\/span><\/p>\n<p><span style=\"font-family: arial,helvetica,sans-serif; font-size: small;\"><em>\u00a0<\/em><\/span><\/p>\n<p><span style=\"font-family: arial,helvetica,sans-serif; font-size: small;\">Eine erste Erforschung zur Herkunft des Gem\u00e4ldes durch die Kustodin der Stiftung H\u00e4ndel-Haus, Christiane Barth, ergab, dass sich das Gem\u00e4lde bisher in Privatbesitz befand. Die Provenienz l\u00e4sst sich bis ins 19. Jahrhundert zur\u00fcckverfolgen. Dass es 1888 in Magdeburg in einem Tr\u00f6delladen gekauft wurde, belegen Briefe des Vorbesitzers, die die Stiftung im Nachgang der Auktion ausfindig machen konnte. Die Provenienz zwischen dem Entstehungszeitpunkt im 18. Jahrhundert bis Ende des 19. Jahrhunderts ist allerdings ungekl\u00e4rt. <em>(cf)<\/em><\/span><\/p>\n<p>\u00a0<\/p>\n<p>\u00a0<\/p>\n<p>\u00a0<\/p>\n<p>\u00a0<\/p>\n<p>\u00a0<\/p>\n","protected":false},"excerpt":{"rendered":"<p><span style=\"font-family: arial,helvetica,sans-serif; font-size: small;\">05.03.2015 &#8212; Die Stiftung H\u00e4ndel-Haus hat ein Portr\u00e4t erworben, bei dem es sich mit h\u00f6chster Wahrscheinlichkeit um Georg Friedrich H\u00e4ndel handelt. Ein direkter Vergleich mit anderen, als authentisch gesicherten H\u00e4ndel-Portr\u00e4ts zeigt die grosse \u00c4hnlichkeit.<\/span><\/p>\n","protected":false},"author":1,"featured_media":0,"comment_status":"open","ping_status":"open","sticky":false,"template":"","format":"standard","meta":{"footnotes":""},"categories":[2],"tags":[],"class_list":["post-2142","post","type-post","status-publish","format-standard","hentry","category-nachrichten","entry"],"_links":{"self":[{"href":"https:\/\/codexflores.ch\/index.php\/wp-json\/wp\/v2\/posts\/2142","targetHints":{"allow":["GET"]}}],"collection":[{"href":"https:\/\/codexflores.ch\/index.php\/wp-json\/wp\/v2\/posts"}],"about":[{"href":"https:\/\/codexflores.ch\/index.php\/wp-json\/wp\/v2\/types\/post"}],"author":[{"embeddable":true,"href":"https:\/\/codexflores.ch\/index.php\/wp-json\/wp\/v2\/users\/1"}],"replies":[{"embeddable":true,"href":"https:\/\/codexflores.ch\/index.php\/wp-json\/wp\/v2\/comments?post=2142"}],"version-history":[{"count":0,"href":"https:\/\/codexflores.ch\/index.php\/wp-json\/wp\/v2\/posts\/2142\/revisions"}],"wp:attachment":[{"href":"https:\/\/codexflores.ch\/index.php\/wp-json\/wp\/v2\/media?parent=2142"}],"wp:term":[{"taxonomy":"category","embeddable":true,"href":"https:\/\/codexflores.ch\/index.php\/wp-json\/wp\/v2\/categories?post=2142"},{"taxonomy":"post_tag","embeddable":true,"href":"https:\/\/codexflores.ch\/index.php\/wp-json\/wp\/v2\/tags?post=2142"}],"curies":[{"name":"wp","href":"https:\/\/api.w.org\/{rel}","templated":true}]}}