{"id":2147,"date":"2015-03-06T15:40:00","date_gmt":"2015-03-06T15:40:00","guid":{"rendered":"https:\/\/codexflores.ch\/index.php\/2015\/03\/06\/das-orchester-02-2015\/"},"modified":"2015-03-06T15:40:00","modified_gmt":"2015-03-06T15:40:00","slug":"das-orchester-02-2015","status":"publish","type":"post","link":"https:\/\/codexflores.ch\/index.php\/2015\/03\/06\/das-orchester-02-2015\/","title":{"rendered":"das Orchester 02\/2015"},"content":{"rendered":"<p><img loading=\"lazy\" decoding=\"async\" src=\"images\/zeitschriften_covers\/2015\/758515.jpg\" border=\"0\" alt=\"Cover Zeitschrift\" width=\"100\" height=\"142\" style=\"float: left; margin: 8px;\" \/><\/p>\n<h1>Orchesterakademien<\/h1>\n<h3>Zwischen Studium und Beruf<\/h3>\n<p>In diesem Heft wird der aktuelle Stand etablierter Orchesterakademien in Deutschland beleuchtet, nachgefragt, was eine Akademie ihren jungen Mitgliedern und was sie dem Orchester bringt, welche Vor- und Nachteile es gibt und wie sie rechtlich und wirtschaftlich organisiert sind.<\/p>\n<p>\u00a0<\/p>\n<div class=\"article\">\n<h2 class=\"borderBottom\"><strong>Aufsatz<\/strong><\/h2>\n<p> <span class=\"articleTextSmall\">D\u00f6ring, Sylvie<\/span> <br \/> <a class=\"articleTextBold\" href=\"http:\/\/www.dasorchester.de\/de_DE\/journal\/issues\/showarticle,38927.html\"> Orchesterakademien <\/a> <br \/> <span class=\"articleText\">Zwischen Studium und Beruf<\/span>  <\/p>\n<div class=\"articleTextSmall\" style=\"margin: 4px 0 0 0;\">Leseprobe verf\u00fcgbar<\/div>\n<\/p><\/div>\n<div class=\"article\"><span class=\"articleTextSmall\">D\u00f6ring, Sylvie<\/span> <br \/> <a class=\"articleTextBold\" href=\"http:\/\/www.dasorchester.de\/de_DE\/journal\/issues\/showarticle,38928.html\"> Geben und Nehmen <\/a> <br \/> <span class=\"articleText\">Was bringt eine Akademie ihren Mitgliedern? Was dem Orchester?<\/span><\/div>\n<div class=\"article\"><span class=\"articleTextSmall\">Frei, Marco<\/span> <br \/> <a class=\"articleTextBold\" href=\"http:\/\/www.dasorchester.de\/de_DE\/journal\/issues\/showarticle,38929.html\"> Vorz\u00fcge und Nachteile <\/a> <br \/> <span class=\"articleText\">Meinungen von Profimusikern mit und ohne Akademie-Hintergrund<\/span><\/div>\n<div class=\"article\">\n<h2 class=\"borderBottom\"><strong>Extra<\/strong><\/h2>\n<p> <span class=\"articleTextSmall\">D\u00f6ring, Sylvie<\/span> <br \/> <a class=\"articleTextBold\" href=\"http:\/\/www.dasorchester.de\/de_DE\/journal\/issues\/showarticle,38930.html\"> Liste der Orchesterakademien in Deutschland <\/a> <br \/> <span class=\"articleText\">Listing of German orchestra academies<\/span><\/div>\n<div class=\"article\">\n<h2 class=\"borderBottom\"><strong>Aufsatz<\/strong><\/h2>\n<p> <span class=\"articleTextSmall\">D\u00f6ring, Sylvie<\/span> <br \/> <a class=\"articleTextBold\" href=\"http:\/\/www.dasorchester.de\/de_DE\/journal\/issues\/showarticle,38931.html\"> Abh\u00e4ngig von Ziel und Budget <\/a> <br \/> <span class=\"articleText\">Rechtsformen und Wirtschaftlichkeit von Orchesterakademien<\/span><\/div>\n<div class=\"article\"><span class=\"articleTextSmall\">Frei, Marco<\/span> <br \/> <a class=\"articleTextBold\" href=\"http:\/\/www.dasorchester.de\/de_DE\/journal\/issues\/showarticle,38932.html\"> Vorreiter Deutschland <\/a> <br \/> <span class=\"articleText\">Orchesterakademien im Ausland: Ist-Zustand und Zukunftsmusik \u2013 eine Stichprobe<\/span><\/div>\n<div class=\"article\"><span class=\"articleTextSmall\">Scherz-Schade, Sven<\/span> <br \/> <a class=\"articleTextBold\" href=\"http:\/\/www.dasorchester.de\/de_DE\/journal\/issues\/showarticle,38933.html\"> Der lange Arm Chinas <\/a> <br \/> <span class=\"articleText\">Wohlwollen, B\u00fcrokratie und Kontrolle<\/span><\/div>\n<div class=\"article\">\n<h2 class=\"borderBottom\"><strong>Interview<\/strong><\/h2>\n<p> <span class=\"articleTextSmall\">Hildebrand, Christine<\/span> <br \/> <a class=\"articleTextBold\" href=\"http:\/\/www.dasorchester.de\/de_DE\/journal\/issues\/showarticle,38934.html\"> Raus aus der Anonymit\u00e4t <\/a> <br \/> <span class=\"articleText\">Mental-Coach Armgard R\u00f6hl \u00fcber Auftrittsangst und Lampenfieber<\/span><\/div>\n<div class=\"article\">\n<h2 class=\"borderBottom\"><strong>Aufsatz<\/strong><\/h2>\n<p> <span class=\"articleTextSmall\">R\u00f6\u00dfler, Antje<\/span> <br \/> <a class=\"articleTextBold\" href=\"http:\/\/www.dasorchester.de\/de_DE\/journal\/issues\/showarticle,38935.html\"> Signal zum Aufbruch <\/a> <br \/> <span class=\"articleText\">Das Tonhalle-Orchester Z\u00fcrich vollzieht einen Generationenwechsel<\/span><\/div>\n<div class=\"article\">\n<h2 class=\"borderBottom\"><strong>Zwischent\u00f6ne<\/strong><\/h2>\n<p> <span class=\"articleTextSmall\">Frei, Marco<\/span> <br \/> <a class=\"articleTextBold\" href=\"http:\/\/www.dasorchester.de\/de_DE\/journal\/issues\/showarticle,39015.html\"> Leere Lehre <\/a> <br \/> <span class=\"articleText\">Freie Lehrbeauftragte haben mit einem bundeweiten Aktionstag gegen die prek\u00e4ren Arbeitsbedinungen an deutschen Hochschulen und Konservatorien protestiert &#8211; mit Erfolg<\/span><\/div>\n<div class=\"article\"><span class=\"articleTextSmall\">Frei, Marco<\/span> <br \/> <a class=\"articleTextBold\" href=\"http:\/\/www.dasorchester.de\/de_DE\/journal\/issues\/showarticle,39016.html\"> Polnische Visionen <\/a> <br \/> <span class=\"articleText\">In Kattowitz wurde unter der Leitung von Alexander Liebreich ein Spitzen-Konzertsaal eingeweiht &#8211; mit Unterst\u00fctzung des BR-Chors.<\/span><\/div>\n<div class=\"article\"><span class=\"articleTextSmall\">R\u00f6\u00dfler, Antje<\/span> <br \/> <a class=\"articleTextBold\" href=\"http:\/\/www.dasorchester.de\/de_DE\/journal\/issues\/showarticle,39017.html\"> &#8222;Jeder Musiker ist einzigartig&#8220; <\/a> <br \/> <span class=\"articleText\">Der Fotograf Josep Molina sprach mit Antje R\u00f6\u00dfler \u00fcber die Notwendigkeit der visuellen Kommunikation.<\/span><\/div>\n<div class=\"article\">\n<h2 class=\"borderBottom\"><strong>Bericht<\/strong><\/h2>\n<p> <span class=\"articleTextSmall\">Lesle, Lutz<\/span> <br \/> <a class=\"articleTextBold\" href=\"http:\/\/www.dasorchester.de\/de_DE\/journal\/issues\/showarticle,39018.html\"> &#8222;Hiob? Das bin ja ich &#8230;&#8220; <\/a> <br \/> <span class=\"articleText\">Das NDR Sinfonieorchester zeigt den &#8222;K\u00f6nig der Nacht&#8220; von Jan M\u00fcller-Wieland im neuen Gewand.<\/span><\/div>\n<div class=\"article\"><span class=\"articleTextSmall\">Frei, Marco<\/span> <br \/> <a class=\"articleTextBold\" href=\"http:\/\/www.dasorchester.de\/de_DE\/journal\/issues\/showarticle,39019.html\"> Klingende Traditionen <\/a> <br \/> <span class=\"articleText\">Mariss Janson und das Symphonieorchester des Bayerischen Rundfunks huldigten Rafael Kubelik mit Mussorgsky und Dvo\u0159\u00e1k.<\/span><\/div>\n<div class=\"article\"><span class=\"articleTextSmall\">Distelkamp, Bernd<\/span> <br \/> <a class=\"articleTextBold\" href=\"http:\/\/www.dasorchester.de\/de_DE\/journal\/issues\/showarticle,39020.html\"> W\u00fcrdiges Geburtstagsst\u00e4ndchen <\/a> <br \/> <span class=\"articleText\">Das K\u00f6lner WDR Sinfonieorchester besetzte die Soli in zwei Strauss-Werken mit Musikern aus den eigenen Reihen.<\/span><\/div>\n<div class=\"article\"><span class=\"articleTextSmall\">Buske, Peter<\/span> <br \/> <a class=\"articleTextBold\" href=\"http:\/\/www.dasorchester.de\/de_DE\/journal\/issues\/showarticle,39021.html\"> Vom Barock zur Romantik <\/a> <br \/> <span class=\"articleText\">Roger Norrington dirigierte zum zweiten Mal das Orchester der Komischen Oper in Berlin<\/span><\/div>\n<div class=\"article\"><span class=\"articleTextSmall\">Lindemann, Stefan<\/span> <br \/> <a class=\"articleTextBold\" href=\"http:\/\/www.dasorchester.de\/de_DE\/journal\/issues\/showarticle,39022.html\"> Frisch instrumentiert <\/a> <br \/> <span class=\"articleText\">Werke von Rihm, Sibelius und Brahms standen auf dem Programm des 3. Philharmonischen Konzerts der Bremer Philharmoniker<\/span><\/div>\n<div class=\"article\"><span class=\"articleTextSmall\">Rudiger, Georg<\/span> <br \/> <a class=\"articleTextBold\" href=\"http:\/\/www.dasorchester.de\/de_DE\/journal\/issues\/showarticle,39023.html\"> Ein Abend aus einem Guss <\/a> <br \/> <span class=\"articleText\">Die Deutsche Radio Philharmonie Saarbr\u00fccken Kaiserslautern, Karel Mark Chichon und ein erstklassiges Solistenensemble gestalten konzertant Bellinis Oper &#8222;I Capuleti e i Montecchi&#8220;.<\/span><\/div>\n<div class=\"article\"><span class=\"articleTextSmall\">Lesle, Lutz<\/span> <br \/> <a class=\"articleTextBold\" href=\"http:\/\/www.dasorchester.de\/de_DE\/journal\/issues\/showarticle,39024.html\"> Irrfahrten der Seele <\/a> <br \/> <span class=\"articleText\">Auch das Philharmonische Orchester der Hansestadt L\u00fcbeck huldigt in der Spielzeit 2014\/15 dem Jubliar Richard Strauss.<\/span><\/div>\n<div class=\"article\"><span class=\"articleTextSmall\">Braun, Andrea<\/span> <br \/> <a class=\"articleTextBold\" href=\"http:\/\/www.dasorchester.de\/de_DE\/journal\/issues\/showarticle,39025.html\"> Shim und Brahms <\/a> <br \/> <span class=\"articleText\">Das 2. Sinfoniekonzert des Philharmonischen Orchesters W\u00fcrzburg wartet mit einer Urauff\u00fchrung auf.<\/span><\/div>\n<div class=\"article\"><span class=\"articleTextSmall\">Jouini, Sascha<\/span> <br \/> <a class=\"articleTextBold\" href=\"http:\/\/www.dasorchester.de\/de_DE\/journal\/issues\/showarticle,39026.html\"> Dynamisch, kontrastbetont und klar <\/a> <br \/> <span class=\"articleText\">Ein ungetr\u00fcbtes Vergn\u00fcgen beschert das Sinfoniekonzert der Philharmonie S\u00fcdwestfalen mit Werken von Bart\u00f3k, Kod\u00e1ly und Schumann.<\/span><\/div>\n<div class=\"article\"><span class=\"articleTextSmall\">Buske, Peter<\/span> <br \/> <a class=\"articleTextBold\" href=\"http:\/\/www.dasorchester.de\/de_DE\/journal\/issues\/showarticle,39027.html\"> &#8222;Mein Traum geh\u00f6rt mir&#8220; <\/a> <br \/> <span class=\"articleText\">Das Deutsche Filmorchester Babelsberg begeisterte im Film-Livekonzert Walt Disneys &#8222;Alice im Wunderland&#8220;-Fantasy.<\/span><\/div>\n<div class=\"article\"><span class=\"articleTextSmall\">Jenne, Michael<\/span> <br \/> <a class=\"articleTextBold\" href=\"http:\/\/www.dasorchester.de\/de_DE\/journal\/issues\/showarticle,39028.html\"> Bunte Vielfalt Neuer Musik <\/a> <br \/> <span class=\"articleText\">Was man beim Impuls Festival f\u00fcr Neue Musik in Sachsen-Anhalt erleben kann.<\/span><\/div>\n<div class=\"article\"><span class=\"articleTextSmall\">Killyen, Johannes<\/span> <br \/> <a class=\"articleTextBold\" href=\"http:\/\/www.dasorchester.de\/de_DE\/journal\/issues\/showarticle,39029.html\"> Im Fokus: der musikalische Nachwuchs <\/a> <br \/> <span class=\"articleText\">Beim 8. Violin-F\u00f6rderwettbewerb der Ostdeutschen Sparkassenstiftung begleitete die Anhaltische Philharmonie im Preistr\u00e4gerkonzert die Finalistinnen.<\/span><\/div>\n<div class=\"article\"><span class=\"articleTextSmall\">Frei, Marco<\/span> <br \/> <a class=\"articleTextBold\" href=\"http:\/\/www.dasorchester.de\/de_DE\/journal\/issues\/showarticle,39030.html\"> Vielversprechende Br\u00fcckenschl\u00e4ge <\/a> <br \/> <span class=\"articleText\">Clemens Schuldt dirigierte das 2. Abonnementkonzert des M\u00fcnchener Kammerorchesters.<\/span><\/div>\n<div class=\"article\"><span class=\"articleTextSmall\">Dijkstal, Christian<\/span> <br \/> <a class=\"articleTextBold\" href=\"http:\/\/www.dasorchester.de\/de_DE\/journal\/issues\/showarticle,39031.html\"> Mit Mut zum Besonderen <\/a> <br \/> <span class=\"articleText\">Das Bayerische Kammerorchester Bad Br\u00fcckenau setzt auf stilistische Vielfalt im Repertoire.<\/span><\/div>\n<div class=\"article\"><span class=\"articleTextSmall\">M\u00fcller, Volker<\/span> <br \/> <a class=\"articleTextBold\" href=\"http:\/\/www.dasorchester.de\/de_DE\/journal\/issues\/showarticle,39032.html\"> Die J\u00fcnsten brauchen nicht stillsitzen <\/a> <br \/> <span class=\"articleText\">Seit zehn Jahren ist die Vogtland Philharmonie mit &#8222;Kids meet Classic&#8220; unterwegs.<\/span><\/div>\n<div class=\"article\"><span class=\"articleTextSmall\">Bungardt, Volker<\/span> <br \/> <a class=\"articleTextBold\" href=\"http:\/\/www.dasorchester.de\/de_DE\/journal\/issues\/showarticle,39033.html\"> Die Allesk\u00f6nner <\/a> <br \/> <span class=\"articleText\">Im Rahmen der 35. Leverkusener Jazztage 2014 trat die WDR Big Band unter der Leitung von Richard de Rosa zusammen mit Ute Lemper auf.<\/span><\/div>\n<div class=\"article\"> <\/p>\n<h2 class=\"borderBottom\"><strong>B\u00fccher<\/strong><\/h2>\n<p> <span class=\"articleTextSmall\">Svendsen, Troels \/ Mogens Andresen<\/span> <br \/> <a class=\"articleTextBold\" href=\"http:\/\/www.dasorchester.de\/de_DE\/journal\/issues\/showarticle,39034.html\"> Royal Danish Orchestra <\/a> <br \/> <span class=\"articleText\">The World&#8217;s Oldest Orchestral Institution<\/span><\/div>\n<div class=\"article\"><span class=\"articleTextSmall\">Richter-Ib\u00e1\u00f1ez, Christina<\/span> <br \/> <a class=\"articleTextBold\" href=\"http:\/\/www.dasorchester.de\/de_DE\/journal\/issues\/showarticle,39035.html\"> Mauricio Kagels Buenos Aires (1946-1957) <\/a> <br \/> <span class=\"articleText\">Kulturpolitik &#8211; K\u00fcnstlernetzwerk &#8211; Kompositionen<\/span><\/div>\n<div class=\"article\"><span class=\"articleTextSmall\">Kreutz, Gunter<\/span> <br \/> <a class=\"articleTextBold\" href=\"http:\/\/www.dasorchester.de\/de_DE\/journal\/issues\/showarticle,39036.html\"> Warum Singen gl\u00fccklich macht <\/a><\/div>\n<div class=\"article\"><span class=\"articleTextSmall\">Gavrilov, Andrei<\/span> <br \/> <a class=\"articleTextBold\" href=\"http:\/\/www.dasorchester.de\/de_DE\/journal\/issues\/showarticle,39037.html\"> Tschaikowski, Fira und ich <\/a> <br \/> <span class=\"articleText\">Erz\u00e4hlung meines Lebens<\/span><\/div>\n<div class=\"article\"> <\/p>\n<h2 class=\"borderBottom\"><strong>Noten<\/strong><\/h2>\n<p> <span class=\"articleTextSmall\">Molter, Johann Melchior<\/span> <br \/> <a class=\"articleTextBold\" href=\"http:\/\/www.dasorchester.de\/de_DE\/journal\/issues\/showarticle,39038.html\"> S\u00e4mtliche Sinfonien <\/a> <br \/> <span class=\"articleText\">Vol. 21: Sinfonien F-Dur MWV VII 66 \/ D-Dur MWV 67 \/ D-Dur MWV VII 68, Partitur<\/span><\/div>\n<div class=\"article\"><span class=\"articleTextSmall\">Bach, Carl Philipp Emanuel Bach<\/span> <br \/> <a class=\"articleTextBold\" href=\"http:\/\/www.dasorchester.de\/de_DE\/journal\/issues\/showarticle,39039.html\"> Konzert A-Dur <\/a> <br \/> <span class=\"articleText\">Wq 172 f\u00fcr Violoncello solo, 2 Violinen, Viola und B. c., Urtext, Partitur\/Klavierauszug<\/span><\/div>\n<div class=\"article\"><span class=\"articleTextSmall\">Foulds, John<\/span> <br \/> <a class=\"articleTextBold\" href=\"http:\/\/www.dasorchester.de\/de_DE\/journal\/issues\/showarticle,39040.html\"> Three Mantras from &#8222;Avatara&#8220; <\/a> <br \/> <span class=\"articleText\">op. 61, Studienpartitur<\/span><\/div>\n<div class=\"article\"><span class=\"articleTextSmall\">Weiss, Harald<\/span> <br \/> <a class=\"articleTextBold\" href=\"http:\/\/www.dasorchester.de\/de_DE\/journal\/issues\/showarticle,39041.html\"> Am Anfang war das Wort <\/a> <br \/> <span class=\"articleText\">f\u00fcr gemischten Chor (SSATBarB), Kinderstimme, Schlagzeug und Orgel, Partitur\/Orgelauszug und Chorpartitur\/Stimmensatz (Schlagzeug, Orgel)<\/span><\/div>\n<div class=\"article\"><span class=\"articleTextSmall\">Hindemith, Paul<\/span> <br \/> <a class=\"articleTextBold\" href=\"http:\/\/www.dasorchester.de\/de_DE\/journal\/issues\/showarticle,39042.html\"> Sonate <\/a> <br \/> <span class=\"articleText\">f\u00fcr Violoncello und Klavier op. 11 (Erstfassung 1919), erg\u00e4nzt und bearb. von Faz\u0131l Say, Partitur und Stimmen<\/span><\/div>\n<div class=\"article\"><span class=\"articleTextSmall\">Schnebel, Dieter<\/span> <br \/> <a class=\"articleTextBold\" href=\"http:\/\/www.dasorchester.de\/de_DE\/journal\/issues\/showarticle,39043.html\"> Inno a Roma <\/a> <br \/> <span class=\"articleText\">Sechs St\u00fccke f\u00fcr Klaviertrio mit Stimme<\/span><\/div>\n<div class=\"article\"><span class=\"articleTextSmall\">Rosenblatt, Alexander<\/span> <br \/> <a class=\"articleTextBold\" href=\"http:\/\/www.dasorchester.de\/de_DE\/journal\/issues\/showarticle,39044.html\"> Swinging Fugue <\/a> <br \/> <span class=\"articleText\">f\u00fcr Violine solo<\/span><\/div>\n<div class=\"article\"> <\/p>\n<h2 class=\"borderBottom\"><strong>CDs<\/strong><\/h2>\n<p> <span class=\"articleTextSmall\">Bach, Johann Sebastian<\/span> <br \/> <a class=\"articleTextBold\" href=\"http:\/\/www.dasorchester.de\/de_DE\/journal\/issues\/showarticle,39045.html\"> Brandenburg Concertos <\/a><\/div>\n<div class=\"article\"><span class=\"articleTextSmall\">Mozart, Wolfgang Amadeus<\/span> <br \/> <a class=\"articleTextBold\" href=\"http:\/\/www.dasorchester.de\/de_DE\/journal\/issues\/showarticle,39046.html\"> Instrumental Oratorium \/ The Last Symphonies <\/a><\/div>\n<div class=\"article\"><span class=\"articleTextSmall\">Beethoven, Ludwig van<\/span> <br \/> <a class=\"articleTextBold\" href=\"http:\/\/www.dasorchester.de\/de_DE\/journal\/issues\/showarticle,39047.html\"> The Piano Concertos \/ Triple Concerto <\/a><\/div>\n<div class=\"article\"><span class=\"articleTextSmall\">Beethoven, Ludwig van<\/span> <br \/> <a class=\"articleTextBold\" href=\"http:\/\/www.dasorchester.de\/de_DE\/journal\/issues\/showarticle,39048.html\"> Overtures <\/a><\/div>\n<div class=\"article\"><span class=\"articleTextSmall\">Tchaikovsky, Pjotr Ilych<\/span> <br \/> <a class=\"articleTextBold\" href=\"http:\/\/www.dasorchester.de\/de_DE\/journal\/issues\/showarticle,39049.html\"> Symphony No. 6 in b minor op. 74 &#8222;Path\u00e9tique&#8220; <\/a><\/div>\n<div class=\"article\"><span class=\"articleTextSmall\">Grieg, Edvard<\/span> <br \/> <a class=\"articleTextBold\" href=\"http:\/\/www.dasorchester.de\/de_DE\/journal\/issues\/showarticle,39050.html\"> Complete Symphonic Works <\/a> <br \/> <span class=\"articleText\">Vol. IV: Symphony in C minor EG 119 \/ Piano Concerto in A minor op. 16<\/span><\/div>\n<div class=\"article\"><span class=\"articleTextSmall\">Mahler, Gustav<\/span> <br \/> <a class=\"articleTextBold\" href=\"http:\/\/www.dasorchester.de\/de_DE\/journal\/issues\/showarticle,39051.html\"> Das Lied von der Erde <\/a><\/div>\n<div class=\"article\"><span class=\"articleTextSmall\">Strauss, Richard<\/span> <br \/> <a class=\"articleTextBold\" href=\"http:\/\/www.dasorchester.de\/de_DE\/journal\/issues\/showarticle,39052.html\"> Tondichtung 3: Also sprach Zarathustra \/ Aus Italien <\/a><\/div>\n<div class=\"article\"><span class=\"articleTextSmall\">Werke von Franz Leh\u00e1r, Werner Richard Heymann, Richard Tauber und anderen<\/span> <br \/> <a class=\"articleTextBold\" href=\"http:\/\/www.dasorchester.de\/de_DE\/journal\/issues\/showarticle,39053.html\"> &#8222;Du bist die Welt f\u00fcr mich&#8220; Jonas Kaufmann <\/a><\/div>\n<div class=\"article\"><span class=\"articleTextSmall\">Werke von Leroy Anderson, Jerry Gray, Maceo Pinkard und anderen<\/span> <br \/> <a class=\"articleTextBold\" href=\"http:\/\/www.dasorchester.de\/de_DE\/journal\/issues\/showarticle,39054.html\"> Orchestral Lollipops <\/a><\/div>\n<div class=\"article\"><span class=\"articleTextSmall\">Borowski, Johannes Boris<\/span> <br \/> <a class=\"articleTextBold\" href=\"http:\/\/www.dasorchester.de\/de_DE\/journal\/issues\/showarticle,39055.html\"> Fagottkonzert \/ Wandlung \/ Klavierkonzert \/ Chegui <\/a><\/div>\n<div class=\"article\"><span class=\"articleTextSmall\">Werke von Francis Poulenc, Ludwig van Beethoven, Guillaume Connesson und anderen<\/span> <br \/> <a class=\"articleTextBold\" href=\"http:\/\/www.dasorchester.de\/de_DE\/journal\/issues\/showarticle,39056.html\"> Berlin Counterpoint <\/a><\/div>\n<div class=\"article\"><span class=\"articleTextSmall\">Werke von Isaac Alb\u00e9niz, Rodion Shchedrin, Pablo de Sarasate und anderen<\/span> <br \/> <a class=\"articleTextBold\" href=\"http:\/\/www.dasorchester.de\/de_DE\/journal\/issues\/showarticle,39057.html\"> Impresiones Espa\u00f1olas <\/a><\/div>\n<div class=\"article\"><span class=\"articleTextSmall\">Stephen Hartke, Astor Piazolla, Johannes Brahms<\/span> <br \/> <a class=\"articleTextBold\" href=\"http:\/\/www.dasorchester.de\/de_DE\/journal\/issues\/showarticle,39058.html\"> The Arrival Of Night <\/a><\/div>\n<p><span class=\"articleTextSmall\">Dinescu, Violeta<\/span> <br \/> <a class=\"articleTextBold\" href=\"http:\/\/www.dasorchester.de\/de_DE\/journal\/issues\/showarticle,39059.html\"> Lytaniae f\u00fcr Celli <\/a><\/p>\n","protected":false},"excerpt":{"rendered":"<p>Orchesterakademien Zwischen Studium und Beruf In diesem Heft wird der aktuelle Stand etablierter Orchesterakademien in Deutschland beleuchtet, nachgefragt, was eine&#8230;<\/p>\n","protected":false},"author":1,"featured_media":0,"comment_status":"open","ping_status":"open","sticky":false,"template":"","format":"standard","meta":{"footnotes":""},"categories":[10],"tags":[],"class_list":["post-2147","post","type-post","status-publish","format-standard","hentry","category-fachzeitschriften","entry"],"_links":{"self":[{"href":"https:\/\/codexflores.ch\/index.php\/wp-json\/wp\/v2\/posts\/2147","targetHints":{"allow":["GET"]}}],"collection":[{"href":"https:\/\/codexflores.ch\/index.php\/wp-json\/wp\/v2\/posts"}],"about":[{"href":"https:\/\/codexflores.ch\/index.php\/wp-json\/wp\/v2\/types\/post"}],"author":[{"embeddable":true,"href":"https:\/\/codexflores.ch\/index.php\/wp-json\/wp\/v2\/users\/1"}],"replies":[{"embeddable":true,"href":"https:\/\/codexflores.ch\/index.php\/wp-json\/wp\/v2\/comments?post=2147"}],"version-history":[{"count":0,"href":"https:\/\/codexflores.ch\/index.php\/wp-json\/wp\/v2\/posts\/2147\/revisions"}],"wp:attachment":[{"href":"https:\/\/codexflores.ch\/index.php\/wp-json\/wp\/v2\/media?parent=2147"}],"wp:term":[{"taxonomy":"category","embeddable":true,"href":"https:\/\/codexflores.ch\/index.php\/wp-json\/wp\/v2\/categories?post=2147"},{"taxonomy":"post_tag","embeddable":true,"href":"https:\/\/codexflores.ch\/index.php\/wp-json\/wp\/v2\/tags?post=2147"}],"curies":[{"name":"wp","href":"https:\/\/api.w.org\/{rel}","templated":true}]}}