{"id":2149,"date":"2015-03-09T06:42:44","date_gmt":"2015-03-09T06:42:44","guid":{"rendered":"https:\/\/codexflores.ch\/index.php\/2015\/03\/09\/marc-adam-verlaesst-nizza-wieder\/"},"modified":"2015-03-09T06:42:44","modified_gmt":"2015-03-09T06:42:44","slug":"marc-adam-verlaesst-nizza-wieder","status":"publish","type":"post","link":"https:\/\/codexflores.ch\/index.php\/2015\/03\/09\/marc-adam-verlaesst-nizza-wieder\/","title":{"rendered":"Marc Adam verl\u00e4sst Nizza wieder"},"content":{"rendered":"<p><span style=\"font-family: arial,helvetica,sans-serif; font-size: small;\">09.03.2015 &#8212; Marc Adam, der fr\u00fchere Leiter des Berner Stadttheaters, verl\u00e4ngert seinen aktuellen Vertrag als Leiter der Oper von Nizza nicht. Er verl\u00e4sst das Haus per Oktober 2015.<\/span><\/p>\n<p><span style=\"font-family: arial,helvetica,sans-serif; font-size: small;\"><strong>09.03.2015 &#8212; Marc Adam, der fr\u00fchere Leiter des Berner Stadttheaters, verl\u00e4ngert seinen aktuellen Vertrag als Leiter der Oper von Nizza nicht. Er verl\u00e4sst das Haus per Oktober 2015.<\/strong><\/span><\/p>\n<p>\u00a0<\/p>\n<p><span style=\"font-family: arial,helvetica,sans-serif; font-size: small;\"> Mit dem Entscheid wird sich Adams Zeit in Nizza gerade mal auf drei Jahre beschr\u00e4nkt haben. Zuvor war er Leiter der H\u00e4user von Rouen, L\u00fcbeck und Bern, sowie als Regisseur t\u00e4tig. Als Grund f\u00fcr den Entscheid gibt er die ungewisse und unstabile Situation in in Nizza an. Er will zudem andere Projekte verfolgen.<em> (cf)<\/em><\/span><\/p>\n","protected":false},"excerpt":{"rendered":"<p><span style=\"font-family: arial,helvetica,sans-serif; font-size: small;\">09.03.2015 &#8212; Marc Adam, der fr\u00fchere Leiter des Berner Stadttheaters, verl\u00e4ngert seinen aktuellen Vertrag als Leiter der Oper von Nizza nicht. Er verl\u00e4sst das Haus per Oktober 2015.<\/span><\/p>\n","protected":false},"author":1,"featured_media":0,"comment_status":"open","ping_status":"open","sticky":false,"template":"","format":"standard","meta":{"footnotes":""},"categories":[2],"tags":[],"class_list":["post-2149","post","type-post","status-publish","format-standard","hentry","category-nachrichten","entry"],"_links":{"self":[{"href":"https:\/\/codexflores.ch\/index.php\/wp-json\/wp\/v2\/posts\/2149","targetHints":{"allow":["GET"]}}],"collection":[{"href":"https:\/\/codexflores.ch\/index.php\/wp-json\/wp\/v2\/posts"}],"about":[{"href":"https:\/\/codexflores.ch\/index.php\/wp-json\/wp\/v2\/types\/post"}],"author":[{"embeddable":true,"href":"https:\/\/codexflores.ch\/index.php\/wp-json\/wp\/v2\/users\/1"}],"replies":[{"embeddable":true,"href":"https:\/\/codexflores.ch\/index.php\/wp-json\/wp\/v2\/comments?post=2149"}],"version-history":[{"count":0,"href":"https:\/\/codexflores.ch\/index.php\/wp-json\/wp\/v2\/posts\/2149\/revisions"}],"wp:attachment":[{"href":"https:\/\/codexflores.ch\/index.php\/wp-json\/wp\/v2\/media?parent=2149"}],"wp:term":[{"taxonomy":"category","embeddable":true,"href":"https:\/\/codexflores.ch\/index.php\/wp-json\/wp\/v2\/categories?post=2149"},{"taxonomy":"post_tag","embeddable":true,"href":"https:\/\/codexflores.ch\/index.php\/wp-json\/wp\/v2\/tags?post=2149"}],"curies":[{"name":"wp","href":"https:\/\/api.w.org\/{rel}","templated":true}]}}