{"id":2154,"date":"2015-03-10T11:47:38","date_gmt":"2015-03-10T11:47:38","guid":{"rendered":"https:\/\/codexflores.ch\/index.php\/2015\/03\/10\/ein-klaviertrio-gipfel-und-buendner-jazz-in-arosa\/"},"modified":"2015-03-10T11:47:38","modified_gmt":"2015-03-10T11:47:38","slug":"ein-klaviertrio-gipfel-und-buendner-jazz-in-arosa","status":"publish","type":"post","link":"https:\/\/codexflores.ch\/index.php\/2015\/03\/10\/ein-klaviertrio-gipfel-und-buendner-jazz-in-arosa\/","title":{"rendered":"Ein Klaviertrio-Gipfel und B\u00fcndner Jazz in Arosa"},"content":{"rendered":"<p><span style=\"font-family: arial,helvetica,sans-serif; font-size: small;\">10.03.2015 &#8212; Das diesj\u00e4hrige Arosa Musik Festival pr\u00e4sentiert unter anderem Kammermusik mit Cellisten, ein Treffen von Klaviertrios, zwei B\u00fcndner Jazzformationen und eine junge Berner Band.<\/span><\/p>\n<p><span style=\"font-family: arial,helvetica,sans-serif; font-size: small;\"><strong>10.03.2015 &#8212; Das diesj\u00e4hrige Arosa Musik Festival pr\u00e4sentiert <span style=\"font-family: arial,helvetica,sans-serif; font-size: small;\">unter anderem <\/span>Kammermusik mit Cellisten, ein Treffen von Klaviertrios, zwei B\u00fcndner Jazzformationen und eine junge Berner Band.<\/strong><\/span><\/p>\n<p><span style=\"font-family: arial,helvetica,sans-serif; font-size: small;\">\u00a0<\/span><\/p>\n<p><span style=\"font-family: arial,helvetica,sans-serif; font-size: small;\">Er\u00f6ffnet wird das Arosa Musik Festival 2015 von den Chaarts Chamber Aartist (Chaarts) mit dem Cellisten Maximilian Hornung und dem Violinisten Felix Froschhammer als Solisten.\u00a0<\/span><\/p>\n<p><span style=\"font-family: arial,helvetica,sans-serif; font-size: small;\">\u00a0<\/span><\/p>\n<p><span style=\"font-family: arial,helvetica,sans-serif; font-size: small;\">Ein Schwerpunkt des Arosa Musik Festival bildet dieses Jahr die Kammermusik von Beethoven. Das Pentaton Bl\u00e4serquintett studiert exklusiv eine Bearbeitung des Streichquintetts in Es-Dur von Beethoven ein. Drei Klaviertrios widmen sich \u00fcberdies je einem Klaviertrio von Beethoven: Das Helvetia Klaviertrio, das Seraphin Klaviertrio und das Oliver Schnyder Klaviertrio. Der k\u00fcnstlerische Berater des Arosa Musik Festival Markus Fleck erg\u00e4nzt mit der Viola die Trios zu Klavierquartetten.<\/span><\/p>\n<p><span style=\"font-family: arial,helvetica,sans-serif; font-size: small;\">\u00a0<\/span><\/p>\n<p><span style=\"font-family: arial,helvetica,sans-serif; font-size: small;\">Daneben gibt es Auftritte der beiden B\u00fcndner Musiker Domenic Janett, Klarinette und Robert Grossmann, Gitarre mit\u00a0 Klassik, Jazz, Volksmusik, Zigeunermusik oder B\u00fcndner T\u00e4nze, der Jazz-Formationen Flurin Caviezel &amp; and the Red Shoes Orchestra und der Kapelle Kessler sowie der Berner Band The Hookline, die beim letztj\u00e4hrigen Schweizerischen Jugendmusikwettberb den Sonderpreis EMCY Prize gewonnen hat. <em>(cf)\u00a0<\/em> <\/span><\/p>\n<p><span style=\"font-family: arial,helvetica,sans-serif; font-size: small;\">\u00a0<\/span><\/p>\n<p><span style=\"font-family: arial,helvetica,sans-serif; font-size: small;\"><strong>Mehr Infos:<\/strong> <a href=\"http:\/\/www.arosamusikfestival%20ch\" target=\"_blank\" rel=\"noopener noreferrer\">www.arosamusikfestival ch<\/a><\/span><\/p>\n<p>\u00a0<\/p>\n","protected":false},"excerpt":{"rendered":"<p><span style=\"font-family: arial,helvetica,sans-serif; font-size: small;\">10.03.2015 &#8212; Das diesj\u00e4hrige Arosa Musik Festival pr\u00e4sentiert unter anderem Kammermusik mit Cellisten, ein Treffen von Klaviertrios, zwei B\u00fcndner Jazzformationen und eine junge Berner Band.<\/span><\/p>\n","protected":false},"author":1,"featured_media":0,"comment_status":"open","ping_status":"open","sticky":false,"template":"","format":"standard","meta":{"footnotes":""},"categories":[2],"tags":[],"class_list":["post-2154","post","type-post","status-publish","format-standard","hentry","category-nachrichten","entry"],"_links":{"self":[{"href":"https:\/\/codexflores.ch\/index.php\/wp-json\/wp\/v2\/posts\/2154","targetHints":{"allow":["GET"]}}],"collection":[{"href":"https:\/\/codexflores.ch\/index.php\/wp-json\/wp\/v2\/posts"}],"about":[{"href":"https:\/\/codexflores.ch\/index.php\/wp-json\/wp\/v2\/types\/post"}],"author":[{"embeddable":true,"href":"https:\/\/codexflores.ch\/index.php\/wp-json\/wp\/v2\/users\/1"}],"replies":[{"embeddable":true,"href":"https:\/\/codexflores.ch\/index.php\/wp-json\/wp\/v2\/comments?post=2154"}],"version-history":[{"count":0,"href":"https:\/\/codexflores.ch\/index.php\/wp-json\/wp\/v2\/posts\/2154\/revisions"}],"wp:attachment":[{"href":"https:\/\/codexflores.ch\/index.php\/wp-json\/wp\/v2\/media?parent=2154"}],"wp:term":[{"taxonomy":"category","embeddable":true,"href":"https:\/\/codexflores.ch\/index.php\/wp-json\/wp\/v2\/categories?post=2154"},{"taxonomy":"post_tag","embeddable":true,"href":"https:\/\/codexflores.ch\/index.php\/wp-json\/wp\/v2\/tags?post=2154"}],"curies":[{"name":"wp","href":"https:\/\/api.w.org\/{rel}","templated":true}]}}