{"id":2157,"date":"2015-03-11T07:10:51","date_gmt":"2015-03-11T07:10:51","guid":{"rendered":"https:\/\/codexflores.ch\/index.php\/2015\/03\/11\/kein-horst-wessel-lied-in-der-carnegie-hall\/"},"modified":"2015-03-11T07:10:51","modified_gmt":"2015-03-11T07:10:51","slug":"kein-horst-wessel-lied-in-der-carnegie-hall","status":"publish","type":"post","link":"https:\/\/codexflores.ch\/index.php\/2015\/03\/11\/kein-horst-wessel-lied-in-der-carnegie-hall\/","title":{"rendered":"Kein Horst-Wessel-Lied in der Carnegie Hall"},"content":{"rendered":"<p><span style=\"font-family: arial,helvetica,sans-serif; font-size: small;\">11.03.2015 &#8212; In der New Yorker Carnegie Hall ist ein Konzert mit einem Werk eines jungen estnischen Komponisten abgesagt worden, weil darin ein 45-Sekunden langes Zitat des <em>Horst-Wessel-<\/em>Lieds, eines ber\u00fcchtigten Nazi-Propaganda-Werks, zu finden ist.<\/span><\/p>\n<p><span style=\"font-family: arial,helvetica,sans-serif; font-size: small;\"><strong>11.03.2015 &#8212; In der New Yorker Carnegie Hall ist ein Konzert mit einem Werk eines jungen estnischen Komponisten abgesagt worden, weil darin ein 45-Sekunden langes Zitat des <em>Horst-Wessel-<\/em>Lieds, eines ber\u00fcchtigten Nazi-Propaganda-Werks, zu finden ist.<\/strong><\/span><\/p>\n<p><span style=\"font-family: arial,helvetica,sans-serif; font-size: small;\">\u00a0<\/span><\/p>\n<p><span style=\"font-family: arial,helvetica,sans-serif; font-size: small;\">Laut einem Bericht von <em>France Musique<\/em> wollte der 21-j\u00e4hrige estnische Komponist Jonas Tarm mit seinem Werk die blutigen Ereignisse in der Ukraine aufgreifen und denunzieren. Es handelt sich um ein Auftragswerk der New York Youth Symphony, die gezielt Tonsch\u00f6pfer j\u00fcnger als 21-j\u00e4hrig f\u00f6rdert. Dass\u00a0Tarm selber einer Nazi-Ideologie nachh\u00e4ngen k\u00f6nnte, wurde dabei\u00a0 nie in Betracht gezogen.<\/span><\/p>\n<p>\u00a0<\/p>\n<p><span style=\"font-family: arial,helvetica,sans-serif; font-size: small;\">Das Orchester hat Tarm offenbar auf die heiklen Konsequenzen des Zitates in der Komposition mit Titel \u00abMarsh u Nebuttya\u00bb hingeweisen, in der sich auch die sowjetische Hymne der Ukraine findet. Dieser wollte seinen Entschied allerdings weder kommentieren, noch an dem Werk etwas \u00e4ndern. Es sei allerdings nicht seine Absicht gewesen, zu provozieren, kommentierte der entt\u00e4uschte Komponist die Absage. <em>(cf)<\/em><\/span><\/p>\n<p>\u00a0<\/p>\n<p>\u00a0<\/p>\n<p>\u00a0<\/p>\n","protected":false},"excerpt":{"rendered":"<p><span style=\"font-family: arial,helvetica,sans-serif; font-size: small;\">11.03.2015 &#8212; In der New Yorker Carnegie Hall ist ein Konzert mit einem Werk eines jungen estnischen Komponisten abgesagt worden, weil darin ein 45-Sekunden langes Zitat des <em>Horst-Wessel-<\/em>Lieds, eines ber\u00fcchtigten Nazi-Propaganda-Werks, zu finden ist.<\/span><\/p>\n","protected":false},"author":1,"featured_media":0,"comment_status":"open","ping_status":"open","sticky":false,"template":"","format":"standard","meta":{"footnotes":""},"categories":[2],"tags":[],"class_list":["post-2157","post","type-post","status-publish","format-standard","hentry","category-nachrichten","entry"],"_links":{"self":[{"href":"https:\/\/codexflores.ch\/index.php\/wp-json\/wp\/v2\/posts\/2157","targetHints":{"allow":["GET"]}}],"collection":[{"href":"https:\/\/codexflores.ch\/index.php\/wp-json\/wp\/v2\/posts"}],"about":[{"href":"https:\/\/codexflores.ch\/index.php\/wp-json\/wp\/v2\/types\/post"}],"author":[{"embeddable":true,"href":"https:\/\/codexflores.ch\/index.php\/wp-json\/wp\/v2\/users\/1"}],"replies":[{"embeddable":true,"href":"https:\/\/codexflores.ch\/index.php\/wp-json\/wp\/v2\/comments?post=2157"}],"version-history":[{"count":0,"href":"https:\/\/codexflores.ch\/index.php\/wp-json\/wp\/v2\/posts\/2157\/revisions"}],"wp:attachment":[{"href":"https:\/\/codexflores.ch\/index.php\/wp-json\/wp\/v2\/media?parent=2157"}],"wp:term":[{"taxonomy":"category","embeddable":true,"href":"https:\/\/codexflores.ch\/index.php\/wp-json\/wp\/v2\/categories?post=2157"},{"taxonomy":"post_tag","embeddable":true,"href":"https:\/\/codexflores.ch\/index.php\/wp-json\/wp\/v2\/tags?post=2157"}],"curies":[{"name":"wp","href":"https:\/\/api.w.org\/{rel}","templated":true}]}}