{"id":2158,"date":"2015-03-11T10:00:46","date_gmt":"2015-03-11T10:00:46","guid":{"rendered":"https:\/\/codexflores.ch\/index.php\/2015\/03\/11\/polarpreis-2015-geht-an-harris-und-glennie\/"},"modified":"2015-03-11T10:00:46","modified_gmt":"2015-03-11T10:00:46","slug":"polarpreis-2015-geht-an-harris-und-glennie","status":"publish","type":"post","link":"https:\/\/codexflores.ch\/index.php\/2015\/03\/11\/polarpreis-2015-geht-an-harris-und-glennie\/","title":{"rendered":"Polarpreis 2015 geht an Harris und Glennie"},"content":{"rendered":"<p><span style=\"font-family: arial,helvetica,sans-serif; font-size: small;\">11.03.2015 &#8212; Die Countrys\u00e4ngerin Emmylou Harris und die taube schottische Schlagzeugerin Evelyn Glennie werden dieses Jahr mit dem mit je rund 115&#8217;000 Franken dotierten schwedischen Polarpreis ausgezeichnet.<\/span><\/p>\n<p><span style=\"font-family: arial,helvetica,sans-serif; font-size: small;\"><strong>11.03.2015 &#8212; Die Countrys\u00e4ngerin Emmylou Harris und die taube schottische Schlagzeugerin Evelyn Glennie werden dieses Jahr mit dem mit je rund 115&#8217;000 Franken dotierten schwedischen Polarpreis ausgezeichnet.<\/strong><\/span><\/p>\n<p>\u00a0<\/p>\n<p><span style=\"font-family: arial,helvetica,sans-serif; font-size: small;\">Glennie sei eine der wenigen Musikerinnen, die eine Karriere als Solo-Schlagzeugerin geschafft h\u00e4tten, erkl\u00e4rt die Jury. Sie habe in Grossbritannien die Kriterien f\u00fcr die Aufnahme an Musikschulen ver\u00e4ndert. Und sie habe als ertaubte Musikerin gezeigt, dass man nur teilweise mit den Ohren h\u00f6re.<\/span><\/p>\n<p>\u00a0<\/p>\n<p><span style=\"font-family: arial,helvetica,sans-serif; font-size: small;\">Laut der Jury verk\u00f6rpert die Musik von Emmylou Harris \u00abdie Geschichte und Topografie des gesamten amerikanischen Kontinents\u00bb, Zudem setze sie sich f\u00fcr Frauenrechte, Tiere und Menschen in Kriegsgebieten ein.<\/span><\/p>\n<p><span style=\"font-family: arial,helvetica,sans-serif; font-size: small;\">\u00a0<\/span><\/p>\n<p><span style=\"font-family: arial,helvetica,sans-serif; font-size: small;\">Der Polar Music Prize ist vom fr\u00fcheren Abba-Manager Stig Anderson ins Leben gerufen worden. Dieses Jahr wird er\u00a0 am 9. Juni in Stockholm durch den schwedischen K\u00f6nig Carl XVI.\u00a0Gustaf \u00fcberreicht. <em> (cf)<\/em><\/span><\/p>\n<p><span style=\"font-family: arial,helvetica,sans-serif; font-size: small;\">\u00a0<\/span><\/p>\n<p><span style=\"font-family: arial,helvetica,sans-serif; font-size: small;\">\u00a0<\/span><\/p>\n","protected":false},"excerpt":{"rendered":"<p><span style=\"font-family: arial,helvetica,sans-serif; font-size: small;\">11.03.2015 &#8212; Die Countrys\u00e4ngerin Emmylou Harris und die taube schottische Schlagzeugerin Evelyn Glennie werden dieses Jahr mit dem mit je rund 115&#8217;000 Franken dotierten schwedischen Polarpreis ausgezeichnet.<\/span><\/p>\n","protected":false},"author":1,"featured_media":0,"comment_status":"open","ping_status":"open","sticky":false,"template":"","format":"standard","meta":{"footnotes":""},"categories":[2],"tags":[],"class_list":["post-2158","post","type-post","status-publish","format-standard","hentry","category-nachrichten","entry"],"_links":{"self":[{"href":"https:\/\/codexflores.ch\/index.php\/wp-json\/wp\/v2\/posts\/2158","targetHints":{"allow":["GET"]}}],"collection":[{"href":"https:\/\/codexflores.ch\/index.php\/wp-json\/wp\/v2\/posts"}],"about":[{"href":"https:\/\/codexflores.ch\/index.php\/wp-json\/wp\/v2\/types\/post"}],"author":[{"embeddable":true,"href":"https:\/\/codexflores.ch\/index.php\/wp-json\/wp\/v2\/users\/1"}],"replies":[{"embeddable":true,"href":"https:\/\/codexflores.ch\/index.php\/wp-json\/wp\/v2\/comments?post=2158"}],"version-history":[{"count":0,"href":"https:\/\/codexflores.ch\/index.php\/wp-json\/wp\/v2\/posts\/2158\/revisions"}],"wp:attachment":[{"href":"https:\/\/codexflores.ch\/index.php\/wp-json\/wp\/v2\/media?parent=2158"}],"wp:term":[{"taxonomy":"category","embeddable":true,"href":"https:\/\/codexflores.ch\/index.php\/wp-json\/wp\/v2\/categories?post=2158"},{"taxonomy":"post_tag","embeddable":true,"href":"https:\/\/codexflores.ch\/index.php\/wp-json\/wp\/v2\/tags?post=2158"}],"curies":[{"name":"wp","href":"https:\/\/api.w.org\/{rel}","templated":true}]}}