{"id":2160,"date":"2015-03-13T06:39:58","date_gmt":"2015-03-13T06:39:58","guid":{"rendered":"https:\/\/codexflores.ch\/index.php\/2015\/03\/13\/kulturpreis-baden-wuerttemberg-fuer-jossi-wieler\/"},"modified":"2015-03-13T06:39:58","modified_gmt":"2015-03-13T06:39:58","slug":"kulturpreis-baden-wuerttemberg-fuer-jossi-wieler","status":"publish","type":"post","link":"https:\/\/codexflores.ch\/index.php\/2015\/03\/13\/kulturpreis-baden-wuerttemberg-fuer-jossi-wieler\/","title":{"rendered":"Kulturpreis Baden-W\u00fcrttemberg f\u00fcr Jossi Wieler"},"content":{"rendered":"<p><span style=\"font-family: arial,helvetica,sans-serif; font-size: small;\">13.03.2015 &#8212; Der geb\u00fcrtige Schweizer Jossi Wieler ist als Intendant der Stuttgarter Oper mit dem mit 20&#8217;000 Euro dotierten Kulturpreis Baden-W\u00fcrttemberg 2015 ausgezeichnet worden. Der F\u00f6rderpreis geht an den Verein zeitraumexit aus Mannheim.<\/span><\/p>\n<p><span style=\"font-family: arial,helvetica,sans-serif; font-size: small;\"><strong>13.03.2015 &#8212; Der geb\u00fcrtige Schweizer Jossi Wieler ist als Intendant der Stuttgarter Oper mit dem mit 20&#8217;000 Euro dotierten Kulturpreis Baden-W\u00fcrttemberg 2015 ausgezeichnet worden. Der F\u00f6rderpreis geht an den Verein zeitraumexit aus Mannheim.<\/strong><\/span><\/p>\n<p><span style=\"font-family: arial,helvetica,sans-serif; font-size: small;\">\u00a0<\/span><\/p>\n<p><span style=\"font-family: arial,helvetica,sans-serif; font-size: small;\">Mit Jossi Wieler werde eine K\u00fcnstlerpers\u00f6nlichkeit ausgezeichnet, die \u00abseit vielen Jahren dem Land durch ihre Arbeit auf das Engste verbunden\u00bb sei, begr\u00fcndet Staatssekret\u00e4r J\u00fcrgen Walter als Vorsitzender des Stiftungsrats der Stiftung Kulturpreis die diesj\u00e4hrige Wahl. Der Stiftungsrat zeichne mit ihm einen K\u00fcnstler aus, dem es gelinge, \u00abin seinen Arbeiten das Gesellschaftliche und das Psychologische zu vereinen\u00bb. Wieler sei zudem in seiner Arbeitsweise und seinem aufkl\u00e4rerischen Humanismus beispielgebend. <\/span><\/p>\n<p>\u00a0<\/p>\n<p><span style=\"font-family: arial,helvetica,sans-serif; font-size: small;\">Jossi Wieler, 1951 in Kreuzlingen geboren, ist seit 2011 Intendant an der Staatsoper Stuttgart. Der Kulturpreis wird alle zwei Jahre von der Baden-W\u00fcrttemberg Stiftung und den Volksbanken Raiffeisenbanken verliehen. Die Preisverleihung findet am 9. Juni im Tollhaus in Karlsruhe statt.\u00a0 <em>(cf)<\/em><\/span><\/p>\n<p><span style=\"font-family: arial,helvetica,sans-serif; font-size: small;\">\u00a0<\/span><\/p>\n","protected":false},"excerpt":{"rendered":"<p><span style=\"font-family: arial,helvetica,sans-serif; font-size: small;\">13.03.2015 &#8212; Der geb\u00fcrtige Schweizer Jossi Wieler ist als Intendant der Stuttgarter Oper mit dem mit 20&#8217;000 Euro dotierten Kulturpreis Baden-W\u00fcrttemberg 2015 ausgezeichnet worden. Der F\u00f6rderpreis geht an den Verein zeitraumexit aus Mannheim.<\/span><\/p>\n","protected":false},"author":1,"featured_media":0,"comment_status":"open","ping_status":"open","sticky":false,"template":"","format":"standard","meta":{"footnotes":""},"categories":[2],"tags":[],"class_list":["post-2160","post","type-post","status-publish","format-standard","hentry","category-nachrichten","entry"],"_links":{"self":[{"href":"https:\/\/codexflores.ch\/index.php\/wp-json\/wp\/v2\/posts\/2160","targetHints":{"allow":["GET"]}}],"collection":[{"href":"https:\/\/codexflores.ch\/index.php\/wp-json\/wp\/v2\/posts"}],"about":[{"href":"https:\/\/codexflores.ch\/index.php\/wp-json\/wp\/v2\/types\/post"}],"author":[{"embeddable":true,"href":"https:\/\/codexflores.ch\/index.php\/wp-json\/wp\/v2\/users\/1"}],"replies":[{"embeddable":true,"href":"https:\/\/codexflores.ch\/index.php\/wp-json\/wp\/v2\/comments?post=2160"}],"version-history":[{"count":0,"href":"https:\/\/codexflores.ch\/index.php\/wp-json\/wp\/v2\/posts\/2160\/revisions"}],"wp:attachment":[{"href":"https:\/\/codexflores.ch\/index.php\/wp-json\/wp\/v2\/media?parent=2160"}],"wp:term":[{"taxonomy":"category","embeddable":true,"href":"https:\/\/codexflores.ch\/index.php\/wp-json\/wp\/v2\/categories?post=2160"},{"taxonomy":"post_tag","embeddable":true,"href":"https:\/\/codexflores.ch\/index.php\/wp-json\/wp\/v2\/tags?post=2160"}],"curies":[{"name":"wp","href":"https:\/\/api.w.org\/{rel}","templated":true}]}}