{"id":2171,"date":"2015-03-17T07:05:01","date_gmt":"2015-03-17T07:05:01","guid":{"rendered":"https:\/\/codexflores.ch\/index.php\/2015\/03\/17\/hengelbrock-erhaelt-karajan-musikpreis\/"},"modified":"2015-03-17T07:05:01","modified_gmt":"2015-03-17T07:05:01","slug":"hengelbrock-erhaelt-karajan-musikpreis","status":"publish","type":"post","link":"https:\/\/codexflores.ch\/index.php\/2015\/03\/17\/hengelbrock-erhaelt-karajan-musikpreis\/","title":{"rendered":"Hengelbrock erh\u00e4lt Karajan-Musikpreis"},"content":{"rendered":"<p><span style=\"font-family: arial,helvetica,sans-serif; font-size: small;\">17.03.2015 &#8212; Der Herbert von Karajan Musikpreis 2015\/2016 wird laut einer Mitteilung des Kuratoriums der Kulturstiftung Festspielhaus Baden-Baden dem Dirigenten Thomas Hengelbrock verliehen.<\/span><\/p>\n<p><strong><span style=\"font-family: arial,helvetica,sans-serif; font-size: small;\">17.03.2015 &#8212; Der Herbert von Karajan Musikpreis 2015\/2016 wird laut einer Mitteilung des Kuratoriums der Kulturstiftung Festspielhaus Baden-Baden dem Dirigenten Thomas Hengelbrock verliehen.<\/span><\/strong><\/p>\n<p>\u00a0<\/p>\n<p><span style=\"font-family: arial,helvetica,sans-serif; font-size: small;\">Das mit der Auszeichnung verbundene Preisgeld von 50&#8217;000 Euro wird zweckgebunden f\u00fcr die musikalische Nachwuchsarbeit eingesetzt. Das Kuratorium der Kulturstiftung Festspielhaus Baden-Baden begr\u00fcndet die Wahl von Thomas Hengelbrock als Preistr\u00e4ger mit seinem besonderen Engagement f\u00fcr die Ausbildung junger Musiker.<\/span><\/p>\n<p>\u00a0<\/p>\n<p><span style=\"font-family: arial,helvetica,sans-serif; font-size: small;\">Hengelbrock habe den Begriff der Musikvermittlung f\u00fcr kommende Generationen entscheidend um den Bereich der Musikvermittlung f\u00fcr junge professionelle Musikerinnen und Musiker erweitert, schreibt das Kuratorium. Der Enthusiasmus und die Entdeckerfreude, mit denen er dabei vorgehe, seien ansteckend und anregend.<\/span><\/p>\n<p>\u00a0<\/p>\n<p><span style=\"font-family: arial,helvetica,sans-serif; font-size: small;\">Hengelbrock pr\u00e4ge das Bild eines im besten Sinne des Wortes modernen Dirigenten, der ein Repertoire von Musik aus \u00fcber vier Jahrhunderten beherrsche und sich \u2013 wie auch die Art diese Musik zu spielen <span style=\"font-family: arial,helvetica,sans-serif; font-size: small;\">\u2013 <\/span> immer wieder in Frage stelle. Die Zusammenarbeit mit dem Balthasar-Neumann-Chor und -Ensemble sei dabei in besonderer Weise beispielhaft. Mit dem NDR-Sinfonieorchester schliesse er daran nahtlos an. <em>(cf)<\/em><\/span><\/p>\n<p>\u00a0<\/p>\n","protected":false},"excerpt":{"rendered":"<p><span style=\"font-family: arial,helvetica,sans-serif; font-size: small;\">17.03.2015 &#8212; Der Herbert von Karajan Musikpreis 2015\/2016 wird laut einer Mitteilung des Kuratoriums der Kulturstiftung Festspielhaus Baden-Baden dem Dirigenten Thomas Hengelbrock verliehen.<\/span><\/p>\n","protected":false},"author":1,"featured_media":0,"comment_status":"open","ping_status":"open","sticky":false,"template":"","format":"standard","meta":{"footnotes":""},"categories":[2],"tags":[],"class_list":["post-2171","post","type-post","status-publish","format-standard","hentry","category-nachrichten","entry"],"_links":{"self":[{"href":"https:\/\/codexflores.ch\/index.php\/wp-json\/wp\/v2\/posts\/2171","targetHints":{"allow":["GET"]}}],"collection":[{"href":"https:\/\/codexflores.ch\/index.php\/wp-json\/wp\/v2\/posts"}],"about":[{"href":"https:\/\/codexflores.ch\/index.php\/wp-json\/wp\/v2\/types\/post"}],"author":[{"embeddable":true,"href":"https:\/\/codexflores.ch\/index.php\/wp-json\/wp\/v2\/users\/1"}],"replies":[{"embeddable":true,"href":"https:\/\/codexflores.ch\/index.php\/wp-json\/wp\/v2\/comments?post=2171"}],"version-history":[{"count":0,"href":"https:\/\/codexflores.ch\/index.php\/wp-json\/wp\/v2\/posts\/2171\/revisions"}],"wp:attachment":[{"href":"https:\/\/codexflores.ch\/index.php\/wp-json\/wp\/v2\/media?parent=2171"}],"wp:term":[{"taxonomy":"category","embeddable":true,"href":"https:\/\/codexflores.ch\/index.php\/wp-json\/wp\/v2\/categories?post=2171"},{"taxonomy":"post_tag","embeddable":true,"href":"https:\/\/codexflores.ch\/index.php\/wp-json\/wp\/v2\/tags?post=2171"}],"curies":[{"name":"wp","href":"https:\/\/api.w.org\/{rel}","templated":true}]}}