{"id":2175,"date":"2015-03-19T06:48:38","date_gmt":"2015-03-19T06:48:38","guid":{"rendered":"https:\/\/codexflores.ch\/index.php\/2015\/03\/19\/gewinner-des-7-burghauser-nachwuchs-jazzpreis\/"},"modified":"2015-03-19T06:48:38","modified_gmt":"2015-03-19T06:48:38","slug":"gewinner-des-7-burghauser-nachwuchs-jazzpreis","status":"publish","type":"post","link":"https:\/\/codexflores.ch\/index.php\/2015\/03\/19\/gewinner-des-7-burghauser-nachwuchs-jazzpreis\/","title":{"rendered":"Gewinner des 7. Burghauser Nachwuchs-Jazzpreises"},"content":{"rendered":"<p><span style=\"font-family: arial,helvetica,sans-serif; font-size: small;\">19.03.2015 &#8212;\u00a0<span style=\"font-family: arial,helvetica,sans-serif; font-size: small;\"><span style=\"font-family: arial,helvetica,sans-serif; font-size: small;\">Malstrom<\/span>, ein <span style=\"font-family: arial,helvetica,sans-serif; font-size: small;\">Trio aus Tschechien und Deutschland,<\/span> hat den mit 10&#8217;000 Euro dotierten 1. Preis des 7. Europ\u00e4ischen Burghauser Nachwuchs-Jazzpreises zugesprochen erhalten. Die Gruppe \u00fcberzeugte mit \u00abder Art, wie es auf verbl\u00fcffend eigenwillige Weise Traditionen zusammenf\u00fchrt\u00bb.<\/span><\/span><\/p>\n<p>\u00a0<\/p>\n<p><span style=\"font-family: arial,helvetica,sans-serif; font-size: small;\"><strong>19.03.2015 &#8212;\u00a0<span style=\"font-family: arial,helvetica,sans-serif; font-size: small;\"><strong>Malstrom<\/strong><\/span>, ein <span style=\"font-family: arial,helvetica,sans-serif; font-size: small;\"><strong>Trio aus Tschechien und Deutschland,<\/strong><\/span> hat den mit 10&#8217;000 Euro dotierten 1. Preis des 7. Europ\u00e4ischen Burghauser Nachwuchs-Jazzpreises zugesprochen erhalten. Die Gruppe \u00fcberzeugte mit \u00abder Art, wie es auf verbl\u00fcffend eigenwillige Weise Traditionen zusammenf\u00fchrt\u00bb.<\/strong><\/span><\/p>\n<p>\u00a0<\/p>\n<p><span style=\"font-family: arial,helvetica,sans-serif; font-size: small;\">\u00abMit Gitarre, Saxophon und Schlagzeug schaffen Axel Zajac, Salim Javaid und Jo Beyer mehr Farben und Assoziationsr\u00e4ume, als man von der kleinen Besetzung erwartet und haben dabei so viel Spass an Dekonstruktion, dass aus ihrer Musik ein rundherum humorvoller Kommentar zu den M\u00f6glichkeiten des Gegenwartsjazz wird\u00bb, heisst es in der Begr\u00fcndung der Jury. <\/span><\/p>\n<p>\u00a0<\/p>\n<p><span style=\"font-family: arial,helvetica,sans-serif; font-size: small;\">Aber auch zwei weitere Preise wurden vergeben: In Absprache mit Manfred Rehm vom Jazzclub Birdland wird das Holon Trio zum Radiojazzfestival nach Neuburg an der Donau eingeladen, wo es live mitgeschnitten und \u00fcbertragen wird. Wie bereits in den Jahren zuvor, gab es ebenfalls die Auszeichnung f\u00fcr einen herausragenden Solisten. Der mit 1000 Euro dotierte Preis ging dieses Mal an den K\u00f6lner Gitarristen Marius Peters, der mit seiner Formation rearranged f\u00fcr sein feines, ausdrucksstarkes Spiel geehrt wurde. <em>(cf)<\/em> <\/span><\/p>\n","protected":false},"excerpt":{"rendered":"<p><span style=\"font-family: arial,helvetica,sans-serif; font-size: small;\">19.03.2015 &#8212;\u00a0<span style=\"font-family: arial,helvetica,sans-serif; font-size: small;\"><span style=\"font-family: arial,helvetica,sans-serif; font-size: small;\">Malstrom<\/span>, ein <span style=\"font-family: arial,helvetica,sans-serif; font-size: small;\">Trio aus Tschechien und Deutschland,<\/span> hat den mit 10&#8217;000 Euro dotierten 1. Preis des 7. Europ\u00e4ischen Burghauser Nachwuchs-Jazzpreises zugesprochen erhalten. Die Gruppe \u00fcberzeugte mit \u00abder Art, wie es auf verbl\u00fcffend eigenwillige Weise Traditionen zusammenf\u00fchrt\u00bb.<\/span><\/span><\/p>\n","protected":false},"author":1,"featured_media":0,"comment_status":"open","ping_status":"open","sticky":false,"template":"","format":"standard","meta":{"footnotes":""},"categories":[2],"tags":[],"class_list":["post-2175","post","type-post","status-publish","format-standard","hentry","category-nachrichten","entry"],"_links":{"self":[{"href":"https:\/\/codexflores.ch\/index.php\/wp-json\/wp\/v2\/posts\/2175","targetHints":{"allow":["GET"]}}],"collection":[{"href":"https:\/\/codexflores.ch\/index.php\/wp-json\/wp\/v2\/posts"}],"about":[{"href":"https:\/\/codexflores.ch\/index.php\/wp-json\/wp\/v2\/types\/post"}],"author":[{"embeddable":true,"href":"https:\/\/codexflores.ch\/index.php\/wp-json\/wp\/v2\/users\/1"}],"replies":[{"embeddable":true,"href":"https:\/\/codexflores.ch\/index.php\/wp-json\/wp\/v2\/comments?post=2175"}],"version-history":[{"count":0,"href":"https:\/\/codexflores.ch\/index.php\/wp-json\/wp\/v2\/posts\/2175\/revisions"}],"wp:attachment":[{"href":"https:\/\/codexflores.ch\/index.php\/wp-json\/wp\/v2\/media?parent=2175"}],"wp:term":[{"taxonomy":"category","embeddable":true,"href":"https:\/\/codexflores.ch\/index.php\/wp-json\/wp\/v2\/categories?post=2175"},{"taxonomy":"post_tag","embeddable":true,"href":"https:\/\/codexflores.ch\/index.php\/wp-json\/wp\/v2\/tags?post=2175"}],"curies":[{"name":"wp","href":"https:\/\/api.w.org\/{rel}","templated":true}]}}