{"id":2177,"date":"2015-03-20T06:48:57","date_gmt":"2015-03-20T06:48:57","guid":{"rendered":"https:\/\/codexflores.ch\/index.php\/2015\/03\/20\/arman-wird-kuenstlerischer-leiter-des-chors-des-br\/"},"modified":"2015-03-20T06:48:57","modified_gmt":"2015-03-20T06:48:57","slug":"arman-wird-kuenstlerischer-leiter-des-chors-des-br","status":"publish","type":"post","link":"https:\/\/codexflores.ch\/index.php\/2015\/03\/20\/arman-wird-kuenstlerischer-leiter-des-chors-des-br\/","title":{"rendered":"Arman wird K\u00fcnstlerischer Leiter des Chors des BR"},"content":{"rendered":"<p><span style=\"font-family: arial,helvetica,sans-serif; font-size: small;\">20.03.2015 &#8212; Howard Arman, der derzeitige Musikdirektor des Luzerner Theaters, wird 2016 die Nachfolge von Peter Dijkstra als K\u00fcnstlerischer Leiter des Chors des Bayerischen Rundfunks antreten.<\/span><\/p>\n<p><span style=\"font-family: arial,helvetica,sans-serif; font-size: small;\"><strong>20.03.2015 &#8212; Howard Arman, der derzeitige Musikdirektor des Luzerner Theaters, wird 2016 die Nachfolge von Peter Dijkstra als K\u00fcnstlerischer Leiter des Chors des Bayerischen Rundfunks antreten.<\/strong><\/span><\/p>\n<p><span style=\"font-family: arial,helvetica,sans-serif; font-size: small;\">\u00a0<\/span><\/p>\n<p><span style=\"font-family: arial,helvetica,sans-serif; font-size: small;\">Die Verpflichtung von Peter Dijkstra l\u00e4uft zum Ende der Spielzeit 2015\/16 aus. Einvernehmlich h\u00e4tten sich beide Seiten darauf geeinigt, \u00abnach elf Jahren grossartiger Zusammenarbeit den Weg f\u00fcr neue k\u00fcnstlerische Impulse zu \u00f6ffnen\u00bb, schreibt der Bayerische Rundfunk.<\/span><\/p>\n<p><span style=\"font-family: arial,helvetica,sans-serif; font-size: small;\">\u00a0<\/span><\/p>\n<p><span style=\"font-family: arial,helvetica,sans-serif;\"><span style=\"font-size: small;\">Mit Howard Arman habe der Chor des Bayerischen Rundfunks einen K\u00fcnstlerischen Leiter gefunden, der bereits auf eine lange, erfolgreiche Karriere in sehr unterschiedlichen Musik-Genres verweisen k\u00f6nne. Seine Vielseitigkeit und umfassende Erfahrung erg\u00e4nzten sich ideal mit dem Chor des BR, der f\u00fcr die grosse Bandbreite seines Musikrepertoires ber\u00fchmt sei.<\/span> <em>(cf)\u00a0<\/em> <\/span><\/p>\n","protected":false},"excerpt":{"rendered":"<p><span style=\"font-family: arial,helvetica,sans-serif; font-size: small;\">20.03.2015 &#8212; Howard Arman, der derzeitige Musikdirektor des Luzerner Theaters, wird 2016 die Nachfolge von Peter Dijkstra als K\u00fcnstlerischer Leiter des Chors des Bayerischen Rundfunks antreten.<\/span><\/p>\n","protected":false},"author":1,"featured_media":0,"comment_status":"open","ping_status":"open","sticky":false,"template":"","format":"standard","meta":{"footnotes":""},"categories":[2],"tags":[],"class_list":["post-2177","post","type-post","status-publish","format-standard","hentry","category-nachrichten","entry"],"_links":{"self":[{"href":"https:\/\/codexflores.ch\/index.php\/wp-json\/wp\/v2\/posts\/2177","targetHints":{"allow":["GET"]}}],"collection":[{"href":"https:\/\/codexflores.ch\/index.php\/wp-json\/wp\/v2\/posts"}],"about":[{"href":"https:\/\/codexflores.ch\/index.php\/wp-json\/wp\/v2\/types\/post"}],"author":[{"embeddable":true,"href":"https:\/\/codexflores.ch\/index.php\/wp-json\/wp\/v2\/users\/1"}],"replies":[{"embeddable":true,"href":"https:\/\/codexflores.ch\/index.php\/wp-json\/wp\/v2\/comments?post=2177"}],"version-history":[{"count":0,"href":"https:\/\/codexflores.ch\/index.php\/wp-json\/wp\/v2\/posts\/2177\/revisions"}],"wp:attachment":[{"href":"https:\/\/codexflores.ch\/index.php\/wp-json\/wp\/v2\/media?parent=2177"}],"wp:term":[{"taxonomy":"category","embeddable":true,"href":"https:\/\/codexflores.ch\/index.php\/wp-json\/wp\/v2\/categories?post=2177"},{"taxonomy":"post_tag","embeddable":true,"href":"https:\/\/codexflores.ch\/index.php\/wp-json\/wp\/v2\/tags?post=2177"}],"curies":[{"name":"wp","href":"https:\/\/api.w.org\/{rel}","templated":true}]}}