{"id":2180,"date":"2015-03-20T07:11:55","date_gmt":"2015-03-20T07:11:55","guid":{"rendered":"https:\/\/codexflores.ch\/index.php\/2015\/03\/20\/andermatt-will-sich-mit-osterfestival-profilieren\/"},"modified":"2015-03-20T07:11:55","modified_gmt":"2015-03-20T07:11:55","slug":"andermatt-will-sich-mit-osterfestival-profilieren","status":"publish","type":"post","link":"https:\/\/codexflores.ch\/index.php\/2015\/03\/20\/andermatt-will-sich-mit-osterfestival-profilieren\/","title":{"rendered":"Andermatt will sich mit Osterfestival profilieren"},"content":{"rendered":"<p><span style=\"font-family: arial,helvetica,sans-serif; font-size: small;\">20.03.2015 &#8212; Im Sawiris-Resort Andermatt findet vom 2. bis 12. April 2015 erstmals ein Klassik-Osterfestival statt. Vorgesehen sind neun Konzerte in der barocken Pfarrkirche St. Peter und Paul des Ortes.<\/span><\/p>\n<p><span style=\"font-family: arial,helvetica,sans-serif; font-size: small;\"><strong>20.03.2015 &#8212; Im Sawiris-Resort Andermatt findet vom 2. bis 12. April 2015 erstmals ein Klassik-Osterfestival statt. Vorgesehen sind neun Konzerte in der barocken Pfarrkirche St. Peter und Paul des Ortes.\u00a0<\/strong><\/span><\/p>\n<p><span style=\"font-family: arial,helvetica,sans-serif; font-size: small;\">\u00a0<\/span><\/p>\n<p><span style=\"font-family: arial,helvetica,sans-serif; font-size: small;\">Programmiert sind unter anderem die Festival Strings Lucerne mit dem Trompeter Reinhold Friedrich und Bachs Johannes-Passion mit den Luzerner S\u00e4ngerknaben und dem Collegium Musicum Luzern. Anl\u00e4sslich von Preistr\u00e4gerkonzerten erhalten junge, preisgekr\u00f6nte Ensembles zudem eine F\u00f6rder- und Auftrittsplattform.<\/span><\/p>\n<p><span style=\"font-family: arial,helvetica,sans-serif; font-size: small;\">\u00a0<\/span><\/p>\n<p><span style=\"font-family: arial,helvetica,sans-serif; font-size: small;\">Dank Unterst\u00fctzung von Pro Helvetia und weiteren Stiftungen gelangen am Festival auch drei Werke von noch lebenden Komponisten zur Urauff\u00fchrung. Intendant des Festivals ist J\u00f6rg Conrad. <em>(cf)<\/em><\/span><\/p>\n<p><span style=\"font-family: arial,helvetica,sans-serif; font-size: small;\"><em>\u00a0<\/em><\/span><\/p>\n<p><span style=\"font-family: arial,helvetica,sans-serif; font-size: small;\"><strong>Mehr Infos: <\/strong><a href=\"http:\/\/www.swisschamber-musiccircle.ch\" target=\"_blank\" rel=\"noopener noreferrer\">www.swisschamber-musiccircle.ch<\/a><\/span><\/p>\n","protected":false},"excerpt":{"rendered":"<p><span style=\"font-family: arial,helvetica,sans-serif; font-size: small;\">20.03.2015 &#8212; Im Sawiris-Resort Andermatt findet vom 2. bis 12. April 2015 erstmals ein Klassik-Osterfestival statt. Vorgesehen sind neun Konzerte in der barocken Pfarrkirche St. Peter und Paul des Ortes.<\/span><\/p>\n","protected":false},"author":1,"featured_media":0,"comment_status":"open","ping_status":"open","sticky":false,"template":"","format":"standard","meta":{"footnotes":""},"categories":[2],"tags":[],"class_list":["post-2180","post","type-post","status-publish","format-standard","hentry","category-nachrichten","entry"],"_links":{"self":[{"href":"https:\/\/codexflores.ch\/index.php\/wp-json\/wp\/v2\/posts\/2180","targetHints":{"allow":["GET"]}}],"collection":[{"href":"https:\/\/codexflores.ch\/index.php\/wp-json\/wp\/v2\/posts"}],"about":[{"href":"https:\/\/codexflores.ch\/index.php\/wp-json\/wp\/v2\/types\/post"}],"author":[{"embeddable":true,"href":"https:\/\/codexflores.ch\/index.php\/wp-json\/wp\/v2\/users\/1"}],"replies":[{"embeddable":true,"href":"https:\/\/codexflores.ch\/index.php\/wp-json\/wp\/v2\/comments?post=2180"}],"version-history":[{"count":0,"href":"https:\/\/codexflores.ch\/index.php\/wp-json\/wp\/v2\/posts\/2180\/revisions"}],"wp:attachment":[{"href":"https:\/\/codexflores.ch\/index.php\/wp-json\/wp\/v2\/media?parent=2180"}],"wp:term":[{"taxonomy":"category","embeddable":true,"href":"https:\/\/codexflores.ch\/index.php\/wp-json\/wp\/v2\/categories?post=2180"},{"taxonomy":"post_tag","embeddable":true,"href":"https:\/\/codexflores.ch\/index.php\/wp-json\/wp\/v2\/tags?post=2180"}],"curies":[{"name":"wp","href":"https:\/\/api.w.org\/{rel}","templated":true}]}}