{"id":2181,"date":"2015-03-22T13:14:13","date_gmt":"2015-03-22T13:14:13","guid":{"rendered":"https:\/\/codexflores.ch\/index.php\/2015\/03\/22\/das-orchester-03-2015\/"},"modified":"2015-03-22T13:14:13","modified_gmt":"2015-03-22T13:14:13","slug":"das-orchester-03-2015","status":"publish","type":"post","link":"https:\/\/codexflores.ch\/index.php\/2015\/03\/22\/das-orchester-03-2015\/","title":{"rendered":"das Orchester 03\/2015"},"content":{"rendered":"<p><img loading=\"lazy\" decoding=\"async\" src=\"images\/zeitschriften_covers\/2015\/das_Orchester_201503.jpg\" border=\"0\" alt=\"Cover Zeitschrift\" width=\"100\" height=\"142\" style=\"float: left; margin: 4px;\" \/><\/p>\n<p><span style=\"font-family: arial black,avant garde; font-size: small;\">In die Offensive<\/span><\/p>\n<p><span style=\"font-family: arial,helvetica,sans-serif; font-size: small;\">Mehr als nur Publikum gewinnen!<\/span><\/p>\n<p><span style=\"font-family: arial,helvetica,sans-serif; font-size: small;\">\u00a0<\/span><\/p>\n<div class=\"article\">\n<h2 class=\"borderBottom\"><strong><span style=\"font-family: arial,helvetica,sans-serif; font-size: small;\">Aufsatz<\/span><\/strong><\/h2>\n<p> <span class=\"articleTextSmall\" style=\"font-family: arial,helvetica,sans-serif; font-size: small;\">Schulte im Walde, Christoph <\/span><br \/><span style=\"font-family: arial,helvetica,sans-serif; font-size: small;\"> <a class=\"articleTextBold\" href=\"http:\/\/www.dasorchester.de\/de_DE\/journal\/current\/showarticle,39080.html\"> In die Offensive <\/a> <\/span><br \/><span class=\"articleText\" style=\"font-family: arial,helvetica,sans-serif; font-size: small;\"> Mehr als nur Publikum gewinnen! <\/span> <\/p>\n<div class=\"articleTextSmall\" style=\"margin: 4px 0 0 0;\"><span style=\"font-family: arial,helvetica,sans-serif; font-size: small;\">\u00a0<\/span><\/div>\n<\/p><\/div>\n<div class=\"article\"><span class=\"articleTextSmall\" style=\"font-family: arial,helvetica,sans-serif; font-size: small;\">Schulte im Walde, Christoph <\/span><br \/><span style=\"font-family: arial,helvetica,sans-serif; font-size: small;\"> <a class=\"articleTextBold\" href=\"http:\/\/www.dasorchester.de\/de_DE\/journal\/current\/showarticle,39081.html\"> Konzerthaus mit Zukunft <\/a> <\/span><br \/><span class=\"articleText\" style=\"font-family: arial,helvetica,sans-serif; font-size: small;\"> Die Dortmunder Dramaturgie<\/span><\/div>\n<div class=\"article\"><span class=\"articleText\" style=\"font-family: arial,helvetica,sans-serif; font-size: small;\">\u00a0<\/span><\/div>\n<div class=\"article\"><span class=\"articleTextSmall\" style=\"font-family: arial,helvetica,sans-serif; font-size: small;\">Erkelenz, Elisa <\/span><br \/><span style=\"font-family: arial,helvetica,sans-serif; font-size: small;\"> <a class=\"articleTextBold\" href=\"http:\/\/www.dasorchester.de\/de_DE\/journal\/current\/showarticle,39084.html\"> \u00d6ffnen f\u00fcr ein heterogenes Publikum <\/a> <\/span><br \/><span class=\"articleText\" style=\"font-family: arial,helvetica,sans-serif; font-size: small;\"> Das Konzerthaus Berlin bietet Bew\u00e4hrtes und Neues in erfolgreicher Kombination<\/span><\/div>\n<div class=\"article\"><span class=\"articleText\" style=\"font-family: arial,helvetica,sans-serif; font-size: small;\">\u00a0<\/span><\/div>\n<div class=\"article\"><span class=\"articleTextSmall\" style=\"font-family: arial,helvetica,sans-serif; font-size: small;\">Schulte im Walde, Christoph <\/span><br \/><span style=\"font-family: arial,helvetica,sans-serif; font-size: small;\"> <a class=\"articleTextBold\" href=\"http:\/\/www.dasorchester.de\/de_DE\/journal\/current\/showarticle,39082.html\"> Plan M: Mehr Musik machen! <\/a> <\/span><br \/><span class=\"articleText\" style=\"font-family: arial,helvetica,sans-serif; font-size: small;\"> Der WDR hat Gro\u00dfes vor<\/span><\/div>\n<div class=\"article\"><span class=\"articleText\" style=\"font-family: arial,helvetica,sans-serif; font-size: small;\">\u00a0<\/span><\/div>\n<div class=\"article\"><span class=\"articleTextSmall\" style=\"font-family: arial,helvetica,sans-serif; font-size: small;\">Erkelenz, Elisa <\/span><br \/><span style=\"font-family: arial,helvetica,sans-serif; font-size: small;\"> <a class=\"articleTextBold\" href=\"http:\/\/www.dasorchester.de\/de_DE\/journal\/current\/showarticle,39083.html\"> Der Gesellschaft etwas bieten <\/a> <\/span><br \/><span class=\"articleText\" style=\"font-family: arial,helvetica,sans-serif; font-size: small;\"> Die NDR Radiophilharmonie mag es gro\u00dfformatig \u2013 aber nicht nur<\/span><\/div>\n<div class=\"article\"><span class=\"articleText\" style=\"font-family: arial,helvetica,sans-serif; font-size: small;\">\u00a0<\/span><\/div>\n<div class=\"article\"><span class=\"articleTextSmall\" style=\"font-family: arial,helvetica,sans-serif; font-size: small;\">Erkelenz, Elisa <\/span><br \/><span style=\"font-family: arial,helvetica,sans-serif; font-size: small;\"> <a class=\"articleTextBold\" href=\"http:\/\/www.dasorchester.de\/de_DE\/journal\/current\/showarticle,39085.html\"> Die Kunst spricht f\u00fcr sich <\/a> <\/span><br \/><span class=\"articleText\" style=\"font-family: arial,helvetica,sans-serif; font-size: small;\"> Das innovative Angebot des Luzerner Sinfonieorchesters<\/span><\/div>\n<div class=\"article\"><span class=\"articleText\" style=\"font-family: arial,helvetica,sans-serif; font-size: small;\">\u00a0<\/span><\/div>\n<div class=\"article\"><span class=\"articleTextSmall\" style=\"font-family: arial,helvetica,sans-serif; font-size: small;\">Frei, Marco <\/span><br \/><span style=\"font-family: arial,helvetica,sans-serif; font-size: small;\"> <a class=\"articleTextBold\" href=\"http:\/\/www.dasorchester.de\/de_DE\/journal\/current\/showarticle,39086.html\"> Viel L\u00e4rm um nichts? <\/a> <\/span><br \/><span class=\"articleText\" style=\"font-family: arial,helvetica,sans-serif; font-size: small;\"> Digitalisierung von BR-Klassik: Warum weiterhin offene Fragen, Zweifel und Sorgen bleiben<\/span><\/div>\n<div class=\"article\"><span class=\"articleText\" style=\"font-family: arial,helvetica,sans-serif; font-size: small;\">\u00a0<\/span><\/div>\n<div class=\"article\"><span class=\"articleTextSmall\" style=\"font-family: arial,helvetica,sans-serif; font-size: small;\">Irrgeher, Christoph <\/span><br \/><span style=\"font-family: arial,helvetica,sans-serif; font-size: small;\"> <a class=\"articleTextBold\" href=\"http:\/\/www.dasorchester.de\/de_DE\/journal\/current\/showarticle,39087.html\"> Morgenluft <\/a> <\/span><br \/><span class=\"articleText\" style=\"font-family: arial,helvetica,sans-serif; font-size: small;\"> Aufbruchsstimmung bei den Wiener Symphonikern<\/span><\/div>\n<div class=\"article\"><span class=\"articleText\" style=\"font-family: arial,helvetica,sans-serif; font-size: small;\">\u00a0<\/span><\/div>\n<div class=\"article\"><span class=\"articleTextSmall\" style=\"font-family: arial,helvetica,sans-serif; font-size: small;\">Erkelenz, Elisa <\/span><br \/><span style=\"font-family: arial,helvetica,sans-serif; font-size: small;\"> <a class=\"articleTextBold\" href=\"http:\/\/www.dasorchester.de\/de_DE\/journal\/current\/showarticle,39088.html\"> Bilder im Kopf <\/a> <\/span><br \/><span class=\"articleText\" style=\"font-family: arial,helvetica,sans-serif; font-size: small;\"> Die Musikeditionen f\u00fcr Kinder des ZEIT-Verlags<\/span><\/div>\n<div class=\"article\"><span class=\"articleText\" style=\"font-family: arial,helvetica,sans-serif; font-size: small;\">\u00a0<\/span><\/div>\n<div class=\"article\">\n<h2 class=\"borderBottom\"><strong><span style=\"font-family: arial,helvetica,sans-serif; font-size: small;\">Zwischent\u00f6ne<\/span><\/strong><\/h2>\n<p> <span class=\"articleTextSmall\" style=\"font-family: arial,helvetica,sans-serif; font-size: small;\">Grundmann, Ute <\/span><br \/><span style=\"font-family: arial,helvetica,sans-serif; font-size: small;\"> <a class=\"articleTextBold\" href=\"http:\/\/www.dasorchester.de\/de_DE\/journal\/current\/showarticle,39158.html\"> Leipziger Notenspur <\/a> <\/span><br \/><span class=\"articleText\" style=\"font-family: arial,helvetica,sans-serif; font-size: small;\"> Wie die s\u00e4chsische Metropole ihre B\u00fcrger und Besucher mit den gro\u00dfen Musikern bekannt macht.<\/span><\/div>\n<div class=\"article\"><span class=\"articleText\" style=\"font-family: arial,helvetica,sans-serif; font-size: small;\">\u00a0<\/span><\/div>\n<div class=\"article\"><span class=\"articleTextSmall\" style=\"font-family: arial,helvetica,sans-serif; font-size: small;\">Berger, Andreas <\/span><br \/><span style=\"font-family: arial,helvetica,sans-serif; font-size: small;\"> <a class=\"articleTextBold\" href=\"http:\/\/www.dasorchester.de\/de_DE\/journal\/current\/showarticle,39159.html\"> Junge klasse Klassik <\/a> <\/span><br \/><span class=\"articleText\" style=\"font-family: arial,helvetica,sans-serif; font-size: small;\"> Mit dem &#8222;Musiksommer im Braunschweiger Land&#8220; gr\u00fcndete ein junges Team vor drei Jahren ein Festival, bei dem sich Musiker und Publikum nahe kommen.<\/span><\/div>\n<div class=\"article\"><span class=\"articleText\" style=\"font-family: arial,helvetica,sans-serif; font-size: small;\">\u00a0<\/span><\/div>\n<div class=\"article\"><span class=\"articleTextSmall\" style=\"font-family: arial,helvetica,sans-serif; font-size: small;\">Richter, Elisabeth <\/span><br \/><span style=\"font-family: arial,helvetica,sans-serif; font-size: small;\"> <a class=\"articleTextBold\" href=\"http:\/\/www.dasorchester.de\/de_DE\/journal\/current\/showarticle,39160.html\"> Marketing auf allen Kan\u00e4len <\/a> <\/span><br \/><span class=\"articleText\" style=\"font-family: arial,helvetica,sans-serif; font-size: small;\"> Das innovative Presseteam der Elbphilharmonie Hamburg bringt jedes Jahr als Werbemittel eine Saison-CD heraus.<\/span><\/div>\n<div class=\"article\"><span class=\"articleText\" style=\"font-family: arial,helvetica,sans-serif; font-size: small;\">\u00a0<\/span><\/div>\n<div class=\"article\">\n<p class=\"borderBottom\">Berichte<br \/>B\u00fccher<br \/>Noten<br \/>CDs<br \/>DVDs<\/p>\n<\/p><\/div>\n<p>\u00a0<\/p>\n","protected":false},"excerpt":{"rendered":"<p>In die Offensive Mehr als nur Publikum gewinnen! \u00a0 Aufsatz Schulte im Walde, Christoph In die Offensive Mehr als nur&#8230;<\/p>\n","protected":false},"author":1,"featured_media":0,"comment_status":"open","ping_status":"open","sticky":false,"template":"","format":"standard","meta":{"footnotes":""},"categories":[10],"tags":[],"class_list":["post-2181","post","type-post","status-publish","format-standard","hentry","category-fachzeitschriften","entry"],"_links":{"self":[{"href":"https:\/\/codexflores.ch\/index.php\/wp-json\/wp\/v2\/posts\/2181","targetHints":{"allow":["GET"]}}],"collection":[{"href":"https:\/\/codexflores.ch\/index.php\/wp-json\/wp\/v2\/posts"}],"about":[{"href":"https:\/\/codexflores.ch\/index.php\/wp-json\/wp\/v2\/types\/post"}],"author":[{"embeddable":true,"href":"https:\/\/codexflores.ch\/index.php\/wp-json\/wp\/v2\/users\/1"}],"replies":[{"embeddable":true,"href":"https:\/\/codexflores.ch\/index.php\/wp-json\/wp\/v2\/comments?post=2181"}],"version-history":[{"count":0,"href":"https:\/\/codexflores.ch\/index.php\/wp-json\/wp\/v2\/posts\/2181\/revisions"}],"wp:attachment":[{"href":"https:\/\/codexflores.ch\/index.php\/wp-json\/wp\/v2\/media?parent=2181"}],"wp:term":[{"taxonomy":"category","embeddable":true,"href":"https:\/\/codexflores.ch\/index.php\/wp-json\/wp\/v2\/categories?post=2181"},{"taxonomy":"post_tag","embeddable":true,"href":"https:\/\/codexflores.ch\/index.php\/wp-json\/wp\/v2\/tags?post=2181"}],"curies":[{"name":"wp","href":"https:\/\/api.w.org\/{rel}","templated":true}]}}