{"id":2188,"date":"2015-03-24T07:08:57","date_gmt":"2015-03-24T07:08:57","guid":{"rendered":"https:\/\/codexflores.ch\/index.php\/2015\/03\/24\/himmelfahrtskommando-fuer-alain-altinoglu\/"},"modified":"2015-03-24T07:08:57","modified_gmt":"2015-03-24T07:08:57","slug":"himmelfahrtskommando-fuer-alain-altinoglu","status":"publish","type":"post","link":"https:\/\/codexflores.ch\/index.php\/2015\/03\/24\/himmelfahrtskommando-fuer-alain-altinoglu\/","title":{"rendered":"Himmelfahrtskommando f\u00fcr Alain Altinoglu"},"content":{"rendered":"<p><span style=\"font-family: arial,helvetica,sans-serif; font-size: small;\">24.03,2015 &#8211;Eine veritablen Kraftakt hat der Dirigent Alain Altinoglu mit Erfolg mit dem Z\u00fcrcher Opernorchester\u00a0 Philharmonia Z\u00fcrich vollbracht. Als Einspringer dirigierte er Mahlers gewaltige sechste Sinfonie im Konzert &#8211; die er noch nie zuvor dirigiert hatte.<\/span><\/p>\n<p><span style=\"font-family: arial,helvetica,sans-serif; font-size: small;\"><strong>24.03,2015 &#8211;Eine veritablen Kraftakt hat der Dirigent Alain Altinoglu mit Erfolg mit dem Z\u00fcrcher Opernorchester\u00a0 Philharmonia Z\u00fcrich vollbracht. Als Einspringer dirigierte er Mahlers gewaltige sechste Sinfonie im Konzert &#8211; die er noch nie zuvor dirigiert hatte.<\/strong><\/span><\/p>\n<p>\u00a0<\/p>\n<p><span style=\"font-family: arial,helvetica,sans-serif; font-size: small;\">Laut lokalen Medienberichten fiel Mikko Franck, der urspr\u00fcnglich vorgesehene Dirigent, der auch die Proben geleitet hatte, aus gesundheitlichen Gr\u00fcnden kurzfristig aus. Die Generalprobe rettete spontan ein dirigiererfahrener Schlagzeuger des Orchesters. Trotz Bem\u00fchungen der Organisatoren\u00a0 gelang es nicht, derart kurzfristig einen Ersatzdirigenten aufzutreiben, der Mahlers Sechste im Repertoire gehabt h\u00e4tte.<\/span><\/p>\n<p>\u00a0<\/p>\n<p><span style=\"font-family: arial,helvetica,sans-serif; font-size: small;\">Alain Altinoglu, der das Werk zuvor nie dirigert hatte, hielt sich in Z\u00fcrich f\u00fcr die Urauff\u00fchrung einer Oper des Komponisten Christian Jost auf und war bereit, den Part zu \u00fcbernehmen. In der Nacht vor dem Konzert arbeitete er sich in die Partitur ein und erhielt f\u00fcr seine Parforce-Leistung von Publikum und Orchester schliesslich eine Standing Ovation. <em>(cf)<\/em><\/span><br \/><span style=\"font-family: arial,helvetica,sans-serif; font-size: small;\">\u00a0<\/span><\/p>\n","protected":false},"excerpt":{"rendered":"<p><span style=\"font-family: arial,helvetica,sans-serif; font-size: small;\">24.03,2015 &#8211;Eine veritablen Kraftakt hat der Dirigent Alain Altinoglu mit Erfolg mit dem Z\u00fcrcher Opernorchester\u00a0 Philharmonia Z\u00fcrich vollbracht. Als Einspringer dirigierte er Mahlers gewaltige sechste Sinfonie im Konzert &#8211; die er noch nie zuvor dirigiert hatte.<\/span><\/p>\n","protected":false},"author":1,"featured_media":0,"comment_status":"open","ping_status":"open","sticky":false,"template":"","format":"standard","meta":{"footnotes":""},"categories":[2],"tags":[],"class_list":["post-2188","post","type-post","status-publish","format-standard","hentry","category-nachrichten","entry"],"_links":{"self":[{"href":"https:\/\/codexflores.ch\/index.php\/wp-json\/wp\/v2\/posts\/2188","targetHints":{"allow":["GET"]}}],"collection":[{"href":"https:\/\/codexflores.ch\/index.php\/wp-json\/wp\/v2\/posts"}],"about":[{"href":"https:\/\/codexflores.ch\/index.php\/wp-json\/wp\/v2\/types\/post"}],"author":[{"embeddable":true,"href":"https:\/\/codexflores.ch\/index.php\/wp-json\/wp\/v2\/users\/1"}],"replies":[{"embeddable":true,"href":"https:\/\/codexflores.ch\/index.php\/wp-json\/wp\/v2\/comments?post=2188"}],"version-history":[{"count":0,"href":"https:\/\/codexflores.ch\/index.php\/wp-json\/wp\/v2\/posts\/2188\/revisions"}],"wp:attachment":[{"href":"https:\/\/codexflores.ch\/index.php\/wp-json\/wp\/v2\/media?parent=2188"}],"wp:term":[{"taxonomy":"category","embeddable":true,"href":"https:\/\/codexflores.ch\/index.php\/wp-json\/wp\/v2\/categories?post=2188"},{"taxonomy":"post_tag","embeddable":true,"href":"https:\/\/codexflores.ch\/index.php\/wp-json\/wp\/v2\/tags?post=2188"}],"curies":[{"name":"wp","href":"https:\/\/api.w.org\/{rel}","templated":true}]}}