{"id":2189,"date":"2015-03-25T06:45:10","date_gmt":"2015-03-25T06:45:10","guid":{"rendered":"https:\/\/codexflores.ch\/index.php\/2015\/03\/25\/opernsaenger-opfer-des-german-wing-absturzes\/"},"modified":"2015-03-25T06:45:10","modified_gmt":"2015-03-25T06:45:10","slug":"opernsaenger-opfer-des-german-wing-absturzes","status":"publish","type":"post","link":"https:\/\/codexflores.ch\/index.php\/2015\/03\/25\/opernsaenger-opfer-des-german-wing-absturzes\/","title":{"rendered":"Operns\u00e4nger Opfer des Germanwings-Absturzes"},"content":{"rendered":"<p><span style=\"font-family: arial,helvetica,sans-serif; font-size: small;\">25.03.2015 &#8212; Wie die Deutsche Oper am Rhein best\u00e4tigt, befindet sich unter den Opfern des Absturzes des Germanwings-Airbusses in den franz\u00f6sischen Alpen der 54-j\u00e4hrige Bassbariton Oleg Bryjak. Laut spanischen Quellen ist auch die deutsche Altistin Maria Radner Opfer des tragischen Ungl\u00fccks.<\/span><\/p>\n<p><span style=\"font-family: arial,helvetica,sans-serif; font-size: small;\"><strong>25.03.2015 &#8212; Wie die Deutsche Oper am Rhein best\u00e4tigt, befindet sich unter den Opfern des Absturzes des Germanwings-Airbusses in den franz\u00f6sischen Alpen der 54-j\u00e4hrige Bassbariton Oleg Bryjak. Laut spanischen Quellen ist auch die deutsche Altistin Maria Radner Opfer des tragischen Ungl\u00fccks.<\/strong><\/span><\/p>\n<p><span style=\"font-family: arial,helvetica,sans-serif; font-size: small;\">\u00a0<\/span><\/p>\n<p><span style=\"font-family: arial,helvetica,sans-serif; font-size: small;\">Die S\u00e4ngerin war mit Mann und Baby auf dem R\u00fcckflug aus Spanien. Bryjak und Radner waren in Barcelona Mitwirkende einer <em>Siegfried<\/em>-Auff\u00fchrung. Radner galt als vielversprechendes Talent und war Stipendiatin des Richard Wagner-Verbandes Bayreuth. Bryjak war mit dem Badischen Staatstheater in Karlsruhe eng verbunden. <em>(cf)\u00a0<\/em> <\/span><\/p>\n","protected":false},"excerpt":{"rendered":"<p><span style=\"font-family: arial,helvetica,sans-serif; font-size: small;\">25.03.2015 &#8212; Wie die Deutsche Oper am Rhein best\u00e4tigt, befindet sich unter den Opfern des Absturzes des Germanwings-Airbusses in den franz\u00f6sischen Alpen der 54-j\u00e4hrige Bassbariton Oleg Bryjak. Laut spanischen Quellen ist auch die deutsche Altistin Maria Radner Opfer des tragischen Ungl\u00fccks.<\/span><\/p>\n","protected":false},"author":1,"featured_media":0,"comment_status":"open","ping_status":"open","sticky":false,"template":"","format":"standard","meta":{"footnotes":""},"categories":[2],"tags":[],"class_list":["post-2189","post","type-post","status-publish","format-standard","hentry","category-nachrichten","entry"],"_links":{"self":[{"href":"https:\/\/codexflores.ch\/index.php\/wp-json\/wp\/v2\/posts\/2189","targetHints":{"allow":["GET"]}}],"collection":[{"href":"https:\/\/codexflores.ch\/index.php\/wp-json\/wp\/v2\/posts"}],"about":[{"href":"https:\/\/codexflores.ch\/index.php\/wp-json\/wp\/v2\/types\/post"}],"author":[{"embeddable":true,"href":"https:\/\/codexflores.ch\/index.php\/wp-json\/wp\/v2\/users\/1"}],"replies":[{"embeddable":true,"href":"https:\/\/codexflores.ch\/index.php\/wp-json\/wp\/v2\/comments?post=2189"}],"version-history":[{"count":0,"href":"https:\/\/codexflores.ch\/index.php\/wp-json\/wp\/v2\/posts\/2189\/revisions"}],"wp:attachment":[{"href":"https:\/\/codexflores.ch\/index.php\/wp-json\/wp\/v2\/media?parent=2189"}],"wp:term":[{"taxonomy":"category","embeddable":true,"href":"https:\/\/codexflores.ch\/index.php\/wp-json\/wp\/v2\/categories?post=2189"},{"taxonomy":"post_tag","embeddable":true,"href":"https:\/\/codexflores.ch\/index.php\/wp-json\/wp\/v2\/tags?post=2189"}],"curies":[{"name":"wp","href":"https:\/\/api.w.org\/{rel}","templated":true}]}}