{"id":2190,"date":"2015-03-25T06:51:31","date_gmt":"2015-03-25T06:51:31","guid":{"rendered":"https:\/\/codexflores.ch\/index.php\/2015\/03\/25\/weltmusik-studiengang-in-baden-wuerttemberg\/"},"modified":"2015-03-25T06:51:31","modified_gmt":"2015-03-25T06:51:31","slug":"weltmusik-studiengang-in-baden-wuerttemberg","status":"publish","type":"post","link":"https:\/\/codexflores.ch\/index.php\/2015\/03\/25\/weltmusik-studiengang-in-baden-wuerttemberg\/","title":{"rendered":"Weltmusik-Studiengang in Baden-W\u00fcrttemberg"},"content":{"rendered":"<p><span style=\"font-family: arial,helvetica,sans-serif; font-size: small;\">25.03.2015 &#8212; Die Popakademie Baden-W\u00fcrttemberg bietet in Kooperation mit der Orientalischen Musikakademie Mannheim ab dem Wintersemester 2015\/16 einen neuen Weltmusik-Studiengang an.<\/span><\/p>\n<p><span style=\"font-family: arial,helvetica,sans-serif; font-size: small;\"><strong>25.03.2015 &#8212; Die Popakademie Baden-W\u00fcrttemberg bietet in Kooperation mit der Orientalischen Musikakademie Mannheim ab dem Wintersemester 2015\/16 einen neuen Weltmusik-Studiengang an.<\/strong><\/span><\/p>\n<p><span style=\"font-family: arial,helvetica,sans-serif; font-size: small;\">\u00a0<\/span><\/p>\n<p><span style=\"font-family: arial,helvetica,sans-serif; font-size: small;\">Der Studiengang wird in den F\u00e4chern Ba\u011flama, arabische und t\u00fcrkische Oud sowie Mediterranean \/ Middle Eastern Percussion realisiert. Die Kosten f\u00fcr die Einrichtung des neuen Studienganges tr\u00e4gt laut Aussage des Wissenschaftsministeriums Baden-W\u00fcrttemberg das Land. Die Stadt Mannheim wird ihren derzeitigen Gesellschafterbeitrag f\u00fcr die Popakademie bis 2017 in zwei Stufen um insgesamt\u00a0 100&#8217;000 Euro auf dann 625&#8217;000 j\u00e4hrlich ab 2017 erh\u00f6hen.<\/span><\/p>\n<p><span style=\"font-family: arial,helvetica,sans-serif; font-size: small;\">\u00a0<\/span><\/p>\n<p><span style=\"font-family: arial,helvetica,sans-serif; font-size: small;\">Das Studium von Instrumenten anderer Kulturen werde immer mehr in die Hochschullandschaft in Deutschland integriert, schreibt der Deutsche Musikrat: Neben einem Master-Studiengang \u00abmusik.welt \u2013 Kulturelle Diversit\u00e4t in der musikalischen Bildung\u00bb der Universit\u00e4t Hildesheim in 2009 hat die Ba\u011flama 2014 in den F\u00e4cherkanon der Universit\u00e4t der K\u00fcnste (UdK) Berlin Eingang gefunden.\u00a0 <em>(cf)<\/em><\/span><\/p>\n","protected":false},"excerpt":{"rendered":"<p><span style=\"font-family: arial,helvetica,sans-serif; font-size: small;\">25.03.2015 &#8212; Die Popakademie Baden-W\u00fcrttemberg bietet in Kooperation mit der Orientalischen Musikakademie Mannheim ab dem Wintersemester 2015\/16 einen neuen Weltmusik-Studiengang an.<\/span><\/p>\n","protected":false},"author":1,"featured_media":0,"comment_status":"open","ping_status":"open","sticky":false,"template":"","format":"standard","meta":{"footnotes":""},"categories":[2],"tags":[],"class_list":["post-2190","post","type-post","status-publish","format-standard","hentry","category-nachrichten","entry"],"_links":{"self":[{"href":"https:\/\/codexflores.ch\/index.php\/wp-json\/wp\/v2\/posts\/2190","targetHints":{"allow":["GET"]}}],"collection":[{"href":"https:\/\/codexflores.ch\/index.php\/wp-json\/wp\/v2\/posts"}],"about":[{"href":"https:\/\/codexflores.ch\/index.php\/wp-json\/wp\/v2\/types\/post"}],"author":[{"embeddable":true,"href":"https:\/\/codexflores.ch\/index.php\/wp-json\/wp\/v2\/users\/1"}],"replies":[{"embeddable":true,"href":"https:\/\/codexflores.ch\/index.php\/wp-json\/wp\/v2\/comments?post=2190"}],"version-history":[{"count":0,"href":"https:\/\/codexflores.ch\/index.php\/wp-json\/wp\/v2\/posts\/2190\/revisions"}],"wp:attachment":[{"href":"https:\/\/codexflores.ch\/index.php\/wp-json\/wp\/v2\/media?parent=2190"}],"wp:term":[{"taxonomy":"category","embeddable":true,"href":"https:\/\/codexflores.ch\/index.php\/wp-json\/wp\/v2\/categories?post=2190"},{"taxonomy":"post_tag","embeddable":true,"href":"https:\/\/codexflores.ch\/index.php\/wp-json\/wp\/v2\/tags?post=2190"}],"curies":[{"name":"wp","href":"https:\/\/api.w.org\/{rel}","templated":true}]}}