{"id":2192,"date":"2015-03-26T07:00:06","date_gmt":"2015-03-26T07:00:06","guid":{"rendered":"https:\/\/codexflores.ch\/index.php\/2015\/03\/26\/eine-neue-nationalhymne-fuer-die-schweiz\/"},"modified":"2015-03-26T07:00:06","modified_gmt":"2015-03-26T07:00:06","slug":"eine-neue-nationalhymne-fuer-die-schweiz","status":"publish","type":"post","link":"https:\/\/codexflores.ch\/index.php\/2015\/03\/26\/eine-neue-nationalhymne-fuer-die-schweiz\/","title":{"rendered":"Eine neue Nationalhymne f\u00fcr die Schweiz"},"content":{"rendered":"<p><span style=\"font-family: arial,helvetica,sans-serif; font-size: small;\">26.03.2015 &#8212; Die Schweiz soll eine neue Nationalhymne erhalten. Aus 208 Wettbewerbsbeitr\u00e4gen gelangen die besten sechs Beitr\u00e4ge in eine \u00f6ffentliche Wahl. Diese startet am kommenden Montag.<\/span><\/p>\n<p><span style=\"font-family: arial,helvetica,sans-serif; font-size: small;\"><strong>26.03.2015 &#8212; Die Schweiz soll eine neue Nationalhymne erhalten. Aus 208 Wettbewerbsbeitr\u00e4gen gelangen die besten sechs Beitr\u00e4ge in eine \u00f6ffentliche Wahl. Diese startet am kommenden Montag.<\/strong><\/span><\/p>\n<p><span style=\"font-family: arial,helvetica,sans-serif; font-size: small;\">\u00a0<\/span><\/p>\n<p><span style=\"font-family: arial,helvetica,sans-serif; font-size: small;\">Die Wettbewerbs-Beitr\u00e4ge basieren textlich auf der Pr\u00e4ambel der Bundesverfassung, respektive deren zentralen Werte wie Demokratie, Vielfalt, Freiheit, Frieden und Solidarit\u00e4t. Eine 30-k\u00f6pfige Fachjury hat die sechs Beitr\u00e4ge aus insgesamt 208 Kandidaten bestimmt. <\/span><\/p>\n<p>\u00a0<\/p>\n<p><span style=\"font-family: arial,helvetica,sans-serif; font-size: small;\">Ein Teil des Schweizer Jugendchors hat die sechs Hymne-Beitr\u00e4ge interpretiert und wird die drei besten Beitr\u00e4ge auch am Finale vortragen. Vom 30. M\u00e4rz bis am 15. Mai 2015 werden die sechs besten Wettbewerbs-Beitr\u00e4ge der \u00d6ffentlichkeit pr\u00e4sentiert und im Internet unter <a href=\"http:\/\/www.chymne.ch\" target=\"_blank\" rel=\"noopener noreferrer\">www.chymne.ch<\/a> zur Wahl aufgeschaltet. Die Beitr\u00e4ge k\u00f6nnen in allen vier Landessprachen geh\u00f6rt und betrachtet werden. <em>(cf)<\/em><\/span><\/p>\n<p>\u00a0<\/p>\n","protected":false},"excerpt":{"rendered":"<p><span style=\"font-family: arial,helvetica,sans-serif; font-size: small;\">26.03.2015 &#8212; Die Schweiz soll eine neue Nationalhymne erhalten. Aus 208 Wettbewerbsbeitr\u00e4gen gelangen die besten sechs Beitr\u00e4ge in eine \u00f6ffentliche Wahl. Diese startet am kommenden Montag.<\/span><\/p>\n","protected":false},"author":1,"featured_media":0,"comment_status":"open","ping_status":"open","sticky":false,"template":"","format":"standard","meta":{"footnotes":""},"categories":[2],"tags":[],"class_list":["post-2192","post","type-post","status-publish","format-standard","hentry","category-nachrichten","entry"],"_links":{"self":[{"href":"https:\/\/codexflores.ch\/index.php\/wp-json\/wp\/v2\/posts\/2192","targetHints":{"allow":["GET"]}}],"collection":[{"href":"https:\/\/codexflores.ch\/index.php\/wp-json\/wp\/v2\/posts"}],"about":[{"href":"https:\/\/codexflores.ch\/index.php\/wp-json\/wp\/v2\/types\/post"}],"author":[{"embeddable":true,"href":"https:\/\/codexflores.ch\/index.php\/wp-json\/wp\/v2\/users\/1"}],"replies":[{"embeddable":true,"href":"https:\/\/codexflores.ch\/index.php\/wp-json\/wp\/v2\/comments?post=2192"}],"version-history":[{"count":0,"href":"https:\/\/codexflores.ch\/index.php\/wp-json\/wp\/v2\/posts\/2192\/revisions"}],"wp:attachment":[{"href":"https:\/\/codexflores.ch\/index.php\/wp-json\/wp\/v2\/media?parent=2192"}],"wp:term":[{"taxonomy":"category","embeddable":true,"href":"https:\/\/codexflores.ch\/index.php\/wp-json\/wp\/v2\/categories?post=2192"},{"taxonomy":"post_tag","embeddable":true,"href":"https:\/\/codexflores.ch\/index.php\/wp-json\/wp\/v2\/tags?post=2192"}],"curies":[{"name":"wp","href":"https:\/\/api.w.org\/{rel}","templated":true}]}}