{"id":2193,"date":"2015-03-26T07:06:28","date_gmt":"2015-03-26T07:06:28","guid":{"rendered":"https:\/\/codexflores.ch\/index.php\/2015\/03\/26\/lindenberg-erhaelt-echo-fuer-soziales-engagement\/"},"modified":"2015-03-26T07:06:28","modified_gmt":"2015-03-26T07:06:28","slug":"lindenberg-erhaelt-echo-fuer-soziales-engagement","status":"publish","type":"post","link":"https:\/\/codexflores.ch\/index.php\/2015\/03\/26\/lindenberg-erhaelt-echo-fuer-soziales-engagement\/","title":{"rendered":"Lindenberg erh\u00e4lt Echo f\u00fcr soziales Engagement"},"content":{"rendered":"<p><span style=\"font-family: arial,helvetica,sans-serif; font-size: small;\">26.03.2015 &#8212; Die Deutsche Phono-Akademie, das \u00abKulturinstitut des Bundesverbandes Musikindustrie (BVMI)\u00bb, w\u00fcrdigt Udo Lindenberg mit dem Echo f\u00fcr soziales Engagement. Lindenberg, so die Akademie, z\u00e4hle seit Jahrzehnten zu den bedeutendsten deutschsprachigen Rockmusikern \u00fcberhaupt.<\/span><\/p>\n<p><span style=\"font-family: arial,helvetica,sans-serif; font-size: small;\"><strong>26.03.2015 &#8212; Die Deutsche Phono-Akademie, das \u00abKulturinstitut des Bundesverbandes Musikindustrie (BVMI)\u00bb, w\u00fcrdigt Udo Lindenberg mit dem Echo f\u00fcr soziales Engagement. Lindenberg, so die Akademie, z\u00e4hle seit Jahrzehnten zu den bedeutendsten deutschsprachigen Rockmusikern \u00fcberhaupt.<\/strong><\/span><\/p>\n<p><span style=\"font-family: arial,helvetica,sans-serif; font-size: small;\">\u00a0<\/span><\/p>\n<p><span style=\"font-family: arial,helvetica,sans-serif; font-size: small;\">Im Laufe seiner mehr als 40-j\u00e4hrigen Karriere habe Lindenberg die Deutschen in Ost und West mit seiner Musik und seinem weit dar\u00fcber hinaus gehenden Engagement nachhaltig inspiriert, schreibt die Akademie weiter. Im Rahmen der heutigen Echo-Verleihung wird Udo Lindenberg die Auszeichnung pers\u00f6nlich entgegennehmen<\/span><\/p>\n<p><span style=\"font-family: arial,helvetica,sans-serif; font-size: small;\">\u00a0<\/span><\/p>\n<p><span style=\"font-family: arial,helvetica,sans-serif; font-size: small;\">Die ARD strahlt den Echo 2015 mit Gastgeberin Barbara Sch\u00f6neberger um 20.15 Uhr live aus.\u00a0Zu den Presentern der Verleihung 2015 geh\u00f6rt unter anderen die Schweizer Popgruppe Yello. <em>(cf)<\/em><\/span><\/p>\n<p><span style=\"font-family: arial,helvetica,sans-serif; font-size: small;\">\u00a0<\/span><\/p>\n","protected":false},"excerpt":{"rendered":"<p><span style=\"font-family: arial,helvetica,sans-serif; font-size: small;\">26.03.2015 &#8212; Die Deutsche Phono-Akademie, das \u00abKulturinstitut des Bundesverbandes Musikindustrie (BVMI)\u00bb, w\u00fcrdigt Udo Lindenberg mit dem Echo f\u00fcr soziales Engagement. Lindenberg, so die Akademie, z\u00e4hle seit Jahrzehnten zu den bedeutendsten deutschsprachigen Rockmusikern \u00fcberhaupt.<\/span><\/p>\n","protected":false},"author":1,"featured_media":0,"comment_status":"open","ping_status":"open","sticky":false,"template":"","format":"standard","meta":{"footnotes":""},"categories":[2],"tags":[],"class_list":["post-2193","post","type-post","status-publish","format-standard","hentry","category-nachrichten","entry"],"_links":{"self":[{"href":"https:\/\/codexflores.ch\/index.php\/wp-json\/wp\/v2\/posts\/2193","targetHints":{"allow":["GET"]}}],"collection":[{"href":"https:\/\/codexflores.ch\/index.php\/wp-json\/wp\/v2\/posts"}],"about":[{"href":"https:\/\/codexflores.ch\/index.php\/wp-json\/wp\/v2\/types\/post"}],"author":[{"embeddable":true,"href":"https:\/\/codexflores.ch\/index.php\/wp-json\/wp\/v2\/users\/1"}],"replies":[{"embeddable":true,"href":"https:\/\/codexflores.ch\/index.php\/wp-json\/wp\/v2\/comments?post=2193"}],"version-history":[{"count":0,"href":"https:\/\/codexflores.ch\/index.php\/wp-json\/wp\/v2\/posts\/2193\/revisions"}],"wp:attachment":[{"href":"https:\/\/codexflores.ch\/index.php\/wp-json\/wp\/v2\/media?parent=2193"}],"wp:term":[{"taxonomy":"category","embeddable":true,"href":"https:\/\/codexflores.ch\/index.php\/wp-json\/wp\/v2\/categories?post=2193"},{"taxonomy":"post_tag","embeddable":true,"href":"https:\/\/codexflores.ch\/index.php\/wp-json\/wp\/v2\/tags?post=2193"}],"curies":[{"name":"wp","href":"https:\/\/api.w.org\/{rel}","templated":true}]}}