{"id":2203,"date":"2015-04-01T06:22:17","date_gmt":"2015-04-01T06:22:17","guid":{"rendered":"https:\/\/codexflores.ch\/index.php\/2015\/04\/01\/orchester-von-radio-france-sollen-fusionieren\/"},"modified":"2015-04-01T06:22:17","modified_gmt":"2015-04-01T06:22:17","slug":"orchester-von-radio-france-sollen-fusionieren","status":"publish","type":"post","link":"https:\/\/codexflores.ch\/index.php\/2015\/04\/01\/orchester-von-radio-france-sollen-fusionieren\/","title":{"rendered":"Orchester von Radio France sollen fusionieren"},"content":{"rendered":"<p><span style=\"font-family: arial,helvetica,sans-serif; font-size: small;\">01.04.2015 &#8212; Nicht nur beim SWR, auch bei Radio France sollen Orchester zusammengelegt werden. In Paris w\u00fcrde es das Orchestre Philharmonique de Radio France und das Orchestre National de France treffen.<\/span><\/p>\n<p><span style=\"font-family: arial,helvetica,sans-serif; font-size: small;\"><strong>01.04.2015 &#8212; Nicht nur beim SWR, auch bei Radio France sollen Orchester zusammengelegt werden. In Paris w\u00fcrde es das Orchestre Philharmonique de Radio France und das Orchestre National de France treffen.<\/strong><\/span><\/p>\n<p><span style=\"font-family: arial,helvetica,sans-serif; font-size: small;\">\u00a0<\/span><\/p>\n<p><span style=\"font-family: arial,helvetica,sans-serif; font-size: small;\">Laut einem Bericht der Zeitung <em>Les Echos<\/em> w\u00e4re die <span style=\"font-family: arial,helvetica,sans-serif; font-size: small;\">vom franz\u00f6sischen Rechnungshof empfohlene <br \/><\/span>Fusion angesichts einer strukturellen Krise des Senders Teil einer Neuorganisation, die auch die Zusammenlegung von Redaktiionen vorsieht. Verschmelzen w\u00fcrden die Teams von France Inter, France Info und France Culture.<\/span><\/p>\n<p><span style=\"font-family: arial,helvetica,sans-serif; font-size: small;\">\u00a0<\/span><\/p>\n<p><span style=\"font-family: arial,helvetica,sans-serif; font-size: small;\">Laut dem Bericht hat Mathieu Gallet, der Pr\u00e4sident von Radio France, bereits im vergangenen September angeregt, die beiden Ensembles unter eine gemeinsame k\u00fcnstlerische Leitung zu stellen. Verhindert hat dies ein einw\u00f6chiger Streik der Musiker.\u00a0 <em>(cf)<\/em><\/span><\/p>\n","protected":false},"excerpt":{"rendered":"<p><span style=\"font-family: arial,helvetica,sans-serif; font-size: small;\">01.04.2015 &#8212; Nicht nur beim SWR, auch bei Radio France sollen Orchester zusammengelegt werden. In Paris w\u00fcrde es das Orchestre Philharmonique de Radio France und das Orchestre National de France treffen.<\/span><\/p>\n","protected":false},"author":1,"featured_media":0,"comment_status":"open","ping_status":"open","sticky":false,"template":"","format":"standard","meta":{"footnotes":""},"categories":[2],"tags":[],"class_list":["post-2203","post","type-post","status-publish","format-standard","hentry","category-nachrichten","entry"],"_links":{"self":[{"href":"https:\/\/codexflores.ch\/index.php\/wp-json\/wp\/v2\/posts\/2203","targetHints":{"allow":["GET"]}}],"collection":[{"href":"https:\/\/codexflores.ch\/index.php\/wp-json\/wp\/v2\/posts"}],"about":[{"href":"https:\/\/codexflores.ch\/index.php\/wp-json\/wp\/v2\/types\/post"}],"author":[{"embeddable":true,"href":"https:\/\/codexflores.ch\/index.php\/wp-json\/wp\/v2\/users\/1"}],"replies":[{"embeddable":true,"href":"https:\/\/codexflores.ch\/index.php\/wp-json\/wp\/v2\/comments?post=2203"}],"version-history":[{"count":0,"href":"https:\/\/codexflores.ch\/index.php\/wp-json\/wp\/v2\/posts\/2203\/revisions"}],"wp:attachment":[{"href":"https:\/\/codexflores.ch\/index.php\/wp-json\/wp\/v2\/media?parent=2203"}],"wp:term":[{"taxonomy":"category","embeddable":true,"href":"https:\/\/codexflores.ch\/index.php\/wp-json\/wp\/v2\/categories?post=2203"},{"taxonomy":"post_tag","embeddable":true,"href":"https:\/\/codexflores.ch\/index.php\/wp-json\/wp\/v2\/tags?post=2203"}],"curies":[{"name":"wp","href":"https:\/\/api.w.org\/{rel}","templated":true}]}}